

{"id":2169,"date":"2022-04-06T16:33:16","date_gmt":"2022-04-06T15:33:16","guid":{"rendered":"https:\/\/www.mic-hub.com\/?p=2169"},"modified":"2022-05-18T10:25:26","modified_gmt":"2022-05-18T09:25:26","slug":"fragile-come-si-muove-la-citta-del-futuro","status":"publish","type":"post","link":"https:\/\/www.mic-hub.com\/it\/fragile-come-si-muove-la-citta-del-futuro\/","title":{"rendered":"Fragile. Come si muove la citt\u00e0 del futuro?"},"content":{"rendered":"","protected":false},"excerpt":{"rendered":"","protected":false},"author":2,"featured_media":2170,"comment_status":"open","ping_status":"open","sticky":false,"template":"","format":"standard","meta":{"footnotes":""},"tags":[40],"class_list":["post-2169","post","type-post","status-publish","format-standard","has-post-thumbnail","hentry","tag-conferences"],"yoast_head":"<!-- This site is optimized with the Yoast SEO plugin v18.2 - https:\/\/yoast.com\/wordpress\/plugins\/seo\/ -->\n<meta name=\"description\" content=\"La conferenza Fragile. Come si muove la citt\u00e0 del futuro? si tiene a Genova nel Salone del Maggior Consiglio di Palazzo Ducale e in diretta streaming\" \/>\n<meta name=\"robots\" content=\"index, follow, max-snippet:-1, max-image-preview:large, max-video-preview:-1\" \/>\n<link rel=\"canonical\" href=\"https:\/\/www.mic-hub.com\/it\/fragile-come-si-muove-la-citta-del-futuro\/\" \/>\n<meta property=\"og:locale\" content=\"it_IT\" \/>\n<meta property=\"og:type\" content=\"article\" \/>\n<meta property=\"og:title\" content=\"Fragile. Come si muove la citt\u00e0 del futuro?\" \/>\n<meta property=\"og:description\" content=\"La conferenza Fragile. Come si muove la citt\u00e0 del futuro? si tiene a Genova nel Salone del Maggior Consiglio di Palazzo Ducale e in diretta streaming\" \/>\n<meta property=\"og:url\" content=\"https:\/\/www.mic-hub.com\/it\/fragile-come-si-muove-la-citta-del-futuro\/\" \/>\n<meta property=\"og:site_name\" content=\"MIC-HUB\" \/>\n<meta property=\"article:published_time\" content=\"2022-04-06T15:33:16+00:00\" \/>\n<meta property=\"article:modified_time\" content=\"2022-05-18T09:25:26+00:00\" \/>\n<meta property=\"og:image\" content=\"https:\/\/www.mic-hub.com\/wp-content\/uploads\/2022\/04\/CM_600x400_parolotto13.04_web.jpg\" \/>\n\t<meta property=\"og:image:width\" content=\"1024\" \/>\n\t<meta property=\"og:image:height\" content=\"768\" \/>\n\t<meta property=\"og:image:type\" content=\"image\/jpeg\" \/>\n<meta name=\"twitter:card\" content=\"summary_large_image\" \/>\n<meta name=\"twitter:label1\" content=\"Scritto da\" \/>\n\t<meta name=\"twitter:data1\" content=\"Alessia\" \/>\n<script type=\"application\/ld+json\" class=\"yoast-schema-graph\">{\"@context\":\"https:\/\/schema.org\",\"@graph\":[{\"@type\":\"Organization\",\"@id\":\"https:\/\/www.mic-hub.com\/it\/#organization\",\"name\":\"MIC-HUB\",\"url\":\"https:\/\/www.mic-hub.com\/it\/\",\"sameAs\":[],\"logo\":{\"@type\":\"ImageObject\",\"@id\":\"https:\/\/www.mic-hub.com\/it\/#logo\",\"inLanguage\":\"it-IT\",\"url\":\"https:\/\/www.mic-hub.com\/wp-content\/uploads\/2022\/03\/mic-hub_logo_1200x628.jpg\",\"contentUrl\":\"https:\/\/www.mic-hub.com\/wp-content\/uploads\/2022\/03\/mic-hub_logo_1200x628.jpg\",\"width\":1200,\"height\":628,\"caption\":\"MIC-HUB\"},\"image\":{\"@id\":\"https:\/\/www.mic-hub.com\/it\/#logo\"}},{\"@type\":\"WebSite\",\"@id\":\"https:\/\/www.mic-hub.com\/it\/#website\",\"url\":\"https:\/\/www.mic-hub.com\/it\/\",\"name\":\"MIC-HUB\",\"description\":\"Mobility Planning, Infrastructure Design, City Futures\",\"publisher\":{\"@id\":\"https:\/\/www.mic-hub.com\/it\/#organization\"},\"potentialAction\":[{\"@type\":\"SearchAction\",\"target\":{\"@type\":\"EntryPoint\",\"urlTemplate\":\"https:\/\/www.mic-hub.com\/it\/?s={search_term_string}\"},\"query-input\":\"required name=search_term_string\"}],\"inLanguage\":\"it-IT\"},{\"@type\":\"ImageObject\",\"@id\":\"https:\/\/www.mic-hub.com\/it\/fragile-come-si-muove-la-citta-del-futuro\/#primaryimage\",\"inLanguage\":\"it-IT\",\"url\":\"https:\/\/www.mic-hub.com\/wp-content\/uploads\/2022\/04\/CM_600x400_parolotto13.04_web.jpg\",\"contentUrl\":\"https:\/\/www.mic-hub.com\/wp-content\/uploads\/2022\/04\/CM_600x400_parolotto13.04_web.jpg\",\"width\":1024,\"height\":768},{\"@type\":\"WebPage\",\"@id\":\"https:\/\/www.mic-hub.com\/it\/fragile-come-si-muove-la-citta-del-futuro\/#webpage\",\"url\":\"https:\/\/www.mic-hub.com\/it\/fragile-come-si-muove-la-citta-del-futuro\/\",\"name\":\"Fragile. Come si muove la citt\u00e0 del futuro?\",\"isPartOf\":{\"@id\":\"https:\/\/www.mic-hub.com\/it\/#website\"},\"primaryImageOfPage\":{\"@id\":\"https:\/\/www.mic-hub.com\/it\/fragile-come-si-muove-la-citta-del-futuro\/#primaryimage\"},\"datePublished\":\"2022-04-06T15:33:16+00:00\",\"dateModified\":\"2022-05-18T09:25:26+00:00\",\"description\":\"La conferenza Fragile. Come si muove la citt\u00e0 del futuro? si tiene a Genova nel Salone del Maggior Consiglio di Palazzo Ducale e in diretta streaming\",\"breadcrumb\":{\"@id\":\"https:\/\/www.mic-hub.com\/it\/fragile-come-si-muove-la-citta-del-futuro\/#breadcrumb\"},\"inLanguage\":\"it-IT\",\"potentialAction\":[{\"@type\":\"ReadAction\",\"target\":[[\"https:\/\/www.mic-hub.com\/it\/fragile-come-si-muove-la-citta-del-futuro\/\"]]}]},{\"@type\":\"BreadcrumbList\",\"@id\":\"https:\/\/www.mic-hub.com\/it\/fragile-come-si-muove-la-citta-del-futuro\/#breadcrumb\",\"itemListElement\":[{\"@type\":\"ListItem\",\"position\":1,\"name\":\"Fragile. Come si muove la citt\u00e0 del futuro?\"}]},{\"@type\":\"Article\",\"@id\":\"https:\/\/www.mic-hub.com\/fragile-come-si-muove-la-citta-del-futuro\/#article\",\"isPartOf\":{\"@id\":\"https:\/\/www.mic-hub.com\/fragile-come-si-muove-la-citta-del-futuro\/#webpage\"},\"author\":{\"@id\":\"https:\/\/www.mic-hub.com\/#\/schema\/person\/23b2e7abf81cdb24babdc07feb6835be\"},\"headline\":\"Fragile. Come si muove la citt\u00e0 del futuro?\",\"datePublished\":\"2022-04-06T15:33:16+00:00\",\"dateModified\":\"2022-05-18T09:25:26+00:00\",\"mainEntityOfPage\":{\"@id\":\"https:\/\/www.mic-hub.com\/fragile-come-si-muove-la-citta-del-futuro\/#webpage\"},\"wordCount\":8,\"commentCount\":0,\"publisher\":{\"@id\":\"https:\/\/www.mic-hub.com\/#organization\"},\"image\":{\"@id\":\"https:\/\/www.mic-hub.com\/fragile-come-si-muove-la-citta-del-futuro\/#primaryimage\"},\"thumbnailUrl\":\"https:\/\/www.mic-hub.com\/wp-content\/uploads\/2022\/04\/CM_600x400_parolotto13.04_web.jpg\",\"keywords\":[\"Conferences\"],\"inLanguage\":\"it-IT\",\"potentialAction\":[{\"@type\":\"CommentAction\",\"name\":\"Comment\",\"target\":[\"https:\/\/www.mic-hub.com\/fragile-come-si-muove-la-citta-del-futuro\/#respond\"]}]},{\"@type\":\"Person\",\"@id\":\"https:\/\/www.mic-hub.com\/#\/schema\/person\/23b2e7abf81cdb24babdc07feb6835be\",\"name\":\"Alessia\",\"image\":{\"@type\":\"ImageObject\",\"@id\":\"https:\/\/www.mic-hub.com\/it\/#personlogo\",\"inLanguage\":\"it-IT\",\"url\":\"https:\/\/secure.gravatar.com\/avatar\/f14dc2cba50883354860eb55730bfe8d682b74392348780008bd9913bbf8b74a?s=96&d=mm&r=g\",\"contentUrl\":\"https:\/\/secure.gravatar.com\/avatar\/f14dc2cba50883354860eb55730bfe8d682b74392348780008bd9913bbf8b74a?s=96&d=mm&r=g\",\"caption\":\"Alessia\"}}]}<\/script>\n<!-- \/ Yoast SEO plugin. -->","yoast_head_json":{"description":"La conferenza Fragile. Come si muove la citt\u00e0 del futuro? si tiene a Genova nel Salone del Maggior Consiglio di Palazzo Ducale e in diretta streaming","robots":{"index":"index","follow":"follow","max-snippet":"max-snippet:-1","max-image-preview":"max-image-preview:large","max-video-preview":"max-video-preview:-1"},"canonical":"https:\/\/www.mic-hub.com\/it\/fragile-come-si-muove-la-citta-del-futuro\/","og_locale":"it_IT","og_type":"article","og_title":"Fragile. Come si muove la citt\u00e0 del futuro?","og_description":"La conferenza Fragile. Come si muove la citt\u00e0 del futuro? si tiene a Genova nel Salone del Maggior Consiglio di Palazzo Ducale e in diretta streaming","og_url":"https:\/\/www.mic-hub.com\/it\/fragile-come-si-muove-la-citta-del-futuro\/","og_site_name":"MIC-HUB","article_published_time":"2022-04-06T15:33:16+00:00","article_modified_time":"2022-05-18T09:25:26+00:00","og_image":[{"width":1024,"height":768,"url":"https:\/\/www.mic-hub.com\/wp-content\/uploads\/2022\/04\/CM_600x400_parolotto13.04_web.jpg","type":"image\/jpeg"}],"twitter_card":"summary_large_image","twitter_misc":{"Scritto da":"Alessia"},"schema":{"@context":"https:\/\/schema.org","@graph":[{"@type":"Organization","@id":"https:\/\/www.mic-hub.com\/it\/#organization","name":"MIC-HUB","url":"https:\/\/www.mic-hub.com\/it\/","sameAs":[],"logo":{"@type":"ImageObject","@id":"https:\/\/www.mic-hub.com\/it\/#logo","inLanguage":"it-IT","url":"https:\/\/www.mic-hub.com\/wp-content\/uploads\/2022\/03\/mic-hub_logo_1200x628.jpg","contentUrl":"https:\/\/www.mic-hub.com\/wp-content\/uploads\/2022\/03\/mic-hub_logo_1200x628.jpg","width":1200,"height":628,"caption":"MIC-HUB"},"image":{"@id":"https:\/\/www.mic-hub.com\/it\/#logo"}},{"@type":"WebSite","@id":"https:\/\/www.mic-hub.com\/it\/#website","url":"https:\/\/www.mic-hub.com\/it\/","name":"MIC-HUB","description":"Mobility Planning, Infrastructure Design, City Futures","publisher":{"@id":"https:\/\/www.mic-hub.com\/it\/#organization"},"potentialAction":[{"@type":"SearchAction","target":{"@type":"EntryPoint","urlTemplate":"https:\/\/www.mic-hub.com\/it\/?s={search_term_string}"},"query-input":"required name=search_term_string"}],"inLanguage":"it-IT"},{"@type":"ImageObject","@id":"https:\/\/www.mic-hub.com\/it\/fragile-come-si-muove-la-citta-del-futuro\/#primaryimage","inLanguage":"it-IT","url":"https:\/\/www.mic-hub.com\/wp-content\/uploads\/2022\/04\/CM_600x400_parolotto13.04_web.jpg","contentUrl":"https:\/\/www.mic-hub.com\/wp-content\/uploads\/2022\/04\/CM_600x400_parolotto13.04_web.jpg","width":1024,"height":768},{"@type":"WebPage","@id":"https:\/\/www.mic-hub.com\/it\/fragile-come-si-muove-la-citta-del-futuro\/#webpage","url":"https:\/\/www.mic-hub.com\/it\/fragile-come-si-muove-la-citta-del-futuro\/","name":"Fragile. Come si muove la citt\u00e0 del futuro?","isPartOf":{"@id":"https:\/\/www.mic-hub.com\/it\/#website"},"primaryImageOfPage":{"@id":"https:\/\/www.mic-hub.com\/it\/fragile-come-si-muove-la-citta-del-futuro\/#primaryimage"},"datePublished":"2022-04-06T15:33:16+00:00","dateModified":"2022-05-18T09:25:26+00:00","description":"La conferenza Fragile. Come si muove la citt\u00e0 del futuro? si tiene a Genova nel Salone del Maggior Consiglio di Palazzo Ducale e in diretta streaming","breadcrumb":{"@id":"https:\/\/www.mic-hub.com\/it\/fragile-come-si-muove-la-citta-del-futuro\/#breadcrumb"},"inLanguage":"it-IT","potentialAction":[{"@type":"ReadAction","target":[["https:\/\/www.mic-hub.com\/it\/fragile-come-si-muove-la-citta-del-futuro\/"]]}]},{"@type":"BreadcrumbList","@id":"https:\/\/www.mic-hub.com\/it\/fragile-come-si-muove-la-citta-del-futuro\/#breadcrumb","itemListElement":[{"@type":"ListItem","position":1,"name":"Fragile. Come si muove la citt\u00e0 del futuro?"}]},{"@type":"Article","@id":"https:\/\/www.mic-hub.com\/fragile-come-si-muove-la-citta-del-futuro\/#article","isPartOf":{"@id":"https:\/\/www.mic-hub.com\/fragile-come-si-muove-la-citta-del-futuro\/#webpage"},"author":{"@id":"https:\/\/www.mic-hub.com\/#\/schema\/person\/23b2e7abf81cdb24babdc07feb6835be"},"headline":"Fragile. Come si muove la citt\u00e0 del futuro?","datePublished":"2022-04-06T15:33:16+00:00","dateModified":"2022-05-18T09:25:26+00:00","mainEntityOfPage":{"@id":"https:\/\/www.mic-hub.com\/fragile-come-si-muove-la-citta-del-futuro\/#webpage"},"wordCount":8,"commentCount":0,"publisher":{"@id":"https:\/\/www.mic-hub.com\/#organization"},"image":{"@id":"https:\/\/www.mic-hub.com\/fragile-come-si-muove-la-citta-del-futuro\/#primaryimage"},"thumbnailUrl":"https:\/\/www.mic-hub.com\/wp-content\/uploads\/2022\/04\/CM_600x400_parolotto13.04_web.jpg","keywords":["Conferences"],"inLanguage":"it-IT","potentialAction":[{"@type":"CommentAction","name":"Comment","target":["https:\/\/www.mic-hub.com\/fragile-come-si-muove-la-citta-del-futuro\/#respond"]}]},{"@type":"Person","@id":"https:\/\/www.mic-hub.com\/#\/schema\/person\/23b2e7abf81cdb24babdc07feb6835be","name":"Alessia","image":{"@type":"ImageObject","@id":"https:\/\/www.mic-hub.com\/it\/#personlogo","inLanguage":"it-IT","url":"https:\/\/secure.gravatar.com\/avatar\/f14dc2cba50883354860eb55730bfe8d682b74392348780008bd9913bbf8b74a?s=96&d=mm&r=g","contentUrl":"https:\/\/secure.gravatar.com\/avatar\/f14dc2cba50883354860eb55730bfe8d682b74392348780008bd9913bbf8b74a?s=96&d=mm&r=g","caption":"Alessia"}}]}},"meta_box":{"MICHUB_gallery":[{"MICHUB_image":"2170","MICHUB_caption":"Fragile. Come si muove la citt\u00e0 del futuro?"}],"MICHUB_content":"<p>Azioni quali spostarsi, relazionarsi, interagire, costituiscono gli spazi pubblici ancor pi\u00f9 che gli edifici che li contornano.<\/p>\r\n<p>Quale sar\u00e0 il futuro della mobilit\u00e0 urbana nel tempo dell\u2019emergenza climatica?<\/p>\r\n<br><br>\r\n<p>L\u2019arrivo del COVID\u201019 ha destabilizzato il nostro modo di intendere la citt\u00e0 e il nostro modo di abitarla. L\u2019emergenza sanitaria non deve per\u00f2 far dimenticare che la vera sfida da affrontare \u00e8 quella dell\u2019emergenza climatica. Durante la pandemia, molte citt\u00e0 hanno dovuto rispondere al rischio di cambio modale dovuto alla riduzione dell\u2019utilizzo dei sistemi di trasporto pubblico a favore della mobilit\u00e0 individuale, con un potenziale ricorso massiccio all\u2019uso dell\u2019automobile privata. L\u2019utilizzo della sola automobile in citt\u00e0 non \u00e8 auspicabile, non solo per questioni ambientali e di qualit\u00e0 urbana, ma \u00e8 anche controproducente per un ritorno a un funzionamento \u201cnormale\u201d della citt\u00e0.<\/p>\r\n<br><br>\r\n<p>Il 13 Aprile, alla conferenza organizzata dall'Ordine degli Architetti Pianificatori Paesaggisti e Conservatori di Genova, con Federico Parolotto, Senior Partner \u2013 MIC\u2014HUB si parler\u00e0 di ridistribuzione dello spazio, orari flessibili, smart working e molto altro per andare verso un mondo sostenibile connesso e libero.","MICHUB_claim":"La conferenza Fragile. Come si muove la citt\u00e0 del futuro? si tiene a Genova nel Salone del Maggior Consiglio di Palazzo Ducale e in diretta streaming","MICHUB_link_text":"More info","MICHUB_link":"https:\/\/ordinearchitetti.ge.it\/fragile-citta-e-mobilita\/","MICHUB_attachments_it":[],"MICHUB_attachments_en":[]},"_links":{"self":[{"href":"https:\/\/www.mic-hub.com\/it\/wp-json\/wp\/v2\/posts\/2169","targetHints":{"allow":["GET"]}}],"collection":[{"href":"https:\/\/www.mic-hub.com\/it\/wp-json\/wp\/v2\/posts"}],"about":[{"href":"https:\/\/www.mic-hub.com\/it\/wp-json\/wp\/v2\/types\/post"}],"author":[{"embeddable":true,"href":"https:\/\/www.mic-hub.com\/it\/wp-json\/wp\/v2\/users\/2"}],"replies":[{"embeddable":true,"href":"https:\/\/www.mic-hub.com\/it\/wp-json\/wp\/v2\/comments?post=2169"}],"version-history":[{"count":3,"href":"https:\/\/www.mic-hub.com\/it\/wp-json\/wp\/v2\/posts\/2169\/revisions"}],"predecessor-version":[{"id":2509,"href":"https:\/\/www.mic-hub.com\/it\/wp-json\/wp\/v2\/posts\/2169\/revisions\/2509"}],"wp:featuredmedia":[{"embeddable":true,"href":"https:\/\/www.mic-hub.com\/it\/wp-json\/wp\/v2\/media\/2170"}],"wp:attachment":[{"href":"https:\/\/www.mic-hub.com\/it\/wp-json\/wp\/v2\/media?parent=2169"}],"wp:term":[{"taxonomy":"post_tag","embeddable":true,"href":"https:\/\/www.mic-hub.com\/it\/wp-json\/wp\/v2\/tags?post=2169"}],"curies":[{"name":"wp","href":"https:\/\/api.w.org\/{rel}","templated":true}]}}