

{"id":2868,"date":"2022-07-19T11:41:05","date_gmt":"2022-07-19T10:41:05","guid":{"rendered":"https:\/\/www.mic-hub.com\/?p=2868"},"modified":"2023-04-03T16:13:01","modified_gmt":"2023-04-03T15:13:01","slug":"a-green-promenade-for-cagliaris-waterfront","status":"publish","type":"post","link":"https:\/\/www.mic-hub.com\/it\/a-green-promenade-for-cagliaris-waterfront\/","title":{"rendered":"Una promenade verde per il lungomare di Cagliari"},"content":{"rendered":"","protected":false},"excerpt":{"rendered":"","protected":false},"author":2,"featured_media":2874,"comment_status":"open","ping_status":"open","sticky":false,"template":"","format":"standard","meta":{"footnotes":""},"tags":[17],"class_list":["post-2868","post","type-post","status-publish","format-standard","has-post-thumbnail","hentry","tag-news"],"yoast_head":"<!-- This site is optimized with the Yoast SEO plugin v18.2 - https:\/\/yoast.com\/wordpress\/plugins\/seo\/ -->\n<meta name=\"description\" content=\"Il progetto \u00e8 stato presentato oggi a Cagliari in conferenza stampa dal sindaco Paolo Truzzu e dall&#039;architetto Stefano Boeri.\" \/>\n<meta name=\"robots\" content=\"index, follow, max-snippet:-1, max-image-preview:large, max-video-preview:-1\" \/>\n<link rel=\"canonical\" href=\"https:\/\/www.mic-hub.com\/it\/a-green-promenade-for-cagliaris-waterfront\/\" \/>\n<meta property=\"og:locale\" content=\"it_IT\" \/>\n<meta property=\"og:type\" content=\"article\" \/>\n<meta property=\"og:title\" content=\"Una promenade verde per il lungomare di Cagliari\" \/>\n<meta property=\"og:description\" content=\"Il progetto \u00e8 stato presentato oggi a Cagliari in conferenza stampa dal sindaco Paolo Truzzu e dall&#039;architetto Stefano Boeri.\" \/>\n<meta property=\"og:url\" content=\"https:\/\/www.mic-hub.com\/it\/a-green-promenade-for-cagliaris-waterfront\/\" \/>\n<meta property=\"og:site_name\" content=\"MIC-HUB\" \/>\n<meta property=\"article:published_time\" content=\"2022-07-19T10:41:05+00:00\" \/>\n<meta property=\"article:modified_time\" content=\"2023-04-03T15:13:01+00:00\" \/>\n<meta property=\"og:image\" content=\"https:\/\/www.mic-hub.com\/wp-content\/uploads\/2022\/07\/01A_Cagliari-via-Roma-Piazza-Matteotti-hero.jpg\" \/>\n\t<meta property=\"og:image:width\" content=\"1024\" \/>\n\t<meta property=\"og:image:height\" content=\"768\" \/>\n\t<meta property=\"og:image:type\" content=\"image\/jpeg\" \/>\n<meta name=\"twitter:card\" content=\"summary_large_image\" \/>\n<meta name=\"twitter:label1\" content=\"Scritto da\" \/>\n\t<meta name=\"twitter:data1\" content=\"Alessia\" \/>\n<script type=\"application\/ld+json\" class=\"yoast-schema-graph\">{\"@context\":\"https:\/\/schema.org\",\"@graph\":[{\"@type\":\"Organization\",\"@id\":\"https:\/\/www.mic-hub.com\/it\/#organization\",\"name\":\"MIC-HUB\",\"url\":\"https:\/\/www.mic-hub.com\/it\/\",\"sameAs\":[],\"logo\":{\"@type\":\"ImageObject\",\"@id\":\"https:\/\/www.mic-hub.com\/it\/#logo\",\"inLanguage\":\"it-IT\",\"url\":\"https:\/\/www.mic-hub.com\/wp-content\/uploads\/2022\/03\/mic-hub_logo_1200x628.jpg\",\"contentUrl\":\"https:\/\/www.mic-hub.com\/wp-content\/uploads\/2022\/03\/mic-hub_logo_1200x628.jpg\",\"width\":1200,\"height\":628,\"caption\":\"MIC-HUB\"},\"image\":{\"@id\":\"https:\/\/www.mic-hub.com\/it\/#logo\"}},{\"@type\":\"WebSite\",\"@id\":\"https:\/\/www.mic-hub.com\/it\/#website\",\"url\":\"https:\/\/www.mic-hub.com\/it\/\",\"name\":\"MIC-HUB\",\"description\":\"Mobility Planning, Infrastructure Design, City Futures\",\"publisher\":{\"@id\":\"https:\/\/www.mic-hub.com\/it\/#organization\"},\"potentialAction\":[{\"@type\":\"SearchAction\",\"target\":{\"@type\":\"EntryPoint\",\"urlTemplate\":\"https:\/\/www.mic-hub.com\/it\/?s={search_term_string}\"},\"query-input\":\"required name=search_term_string\"}],\"inLanguage\":\"it-IT\"},{\"@type\":\"ImageObject\",\"@id\":\"https:\/\/www.mic-hub.com\/it\/a-green-promenade-for-cagliaris-waterfront\/#primaryimage\",\"inLanguage\":\"it-IT\",\"url\":\"https:\/\/www.mic-hub.com\/wp-content\/uploads\/2022\/07\/01A_Cagliari-via-Roma-Piazza-Matteotti-hero.jpg\",\"contentUrl\":\"https:\/\/www.mic-hub.com\/wp-content\/uploads\/2022\/07\/01A_Cagliari-via-Roma-Piazza-Matteotti-hero.jpg\",\"width\":1024,\"height\":768},{\"@type\":\"WebPage\",\"@id\":\"https:\/\/www.mic-hub.com\/it\/a-green-promenade-for-cagliaris-waterfront\/#webpage\",\"url\":\"https:\/\/www.mic-hub.com\/it\/a-green-promenade-for-cagliaris-waterfront\/\",\"name\":\"Una promenade verde per il lungomare di Cagliari\",\"isPartOf\":{\"@id\":\"https:\/\/www.mic-hub.com\/it\/#website\"},\"primaryImageOfPage\":{\"@id\":\"https:\/\/www.mic-hub.com\/it\/a-green-promenade-for-cagliaris-waterfront\/#primaryimage\"},\"datePublished\":\"2022-07-19T10:41:05+00:00\",\"dateModified\":\"2023-04-03T15:13:01+00:00\",\"description\":\"Il progetto \u00e8 stato presentato oggi a Cagliari in conferenza stampa dal sindaco Paolo Truzzu e dall'architetto Stefano Boeri.\",\"breadcrumb\":{\"@id\":\"https:\/\/www.mic-hub.com\/it\/a-green-promenade-for-cagliaris-waterfront\/#breadcrumb\"},\"inLanguage\":\"it-IT\",\"potentialAction\":[{\"@type\":\"ReadAction\",\"target\":[[\"https:\/\/www.mic-hub.com\/it\/a-green-promenade-for-cagliaris-waterfront\/\"]]}]},{\"@type\":\"BreadcrumbList\",\"@id\":\"https:\/\/www.mic-hub.com\/it\/a-green-promenade-for-cagliaris-waterfront\/#breadcrumb\",\"itemListElement\":[{\"@type\":\"ListItem\",\"position\":1,\"name\":\"A green promenade for the waterfront of Cagliari\"}]},{\"@type\":\"Article\",\"@id\":\"https:\/\/www.mic-hub.com\/a-green-promenade-for-cagliaris-waterfront\/#article\",\"isPartOf\":{\"@id\":\"https:\/\/www.mic-hub.com\/a-green-promenade-for-cagliaris-waterfront\/#webpage\"},\"author\":{\"@id\":\"https:\/\/www.mic-hub.com\/#\/schema\/person\/23b2e7abf81cdb24babdc07feb6835be\"},\"headline\":\"Una promenade verde per il lungomare di Cagliari\",\"datePublished\":\"2022-07-19T10:41:05+00:00\",\"dateModified\":\"2023-04-03T15:13:01+00:00\",\"mainEntityOfPage\":{\"@id\":\"https:\/\/www.mic-hub.com\/a-green-promenade-for-cagliaris-waterfront\/#webpage\"},\"wordCount\":18,\"commentCount\":0,\"publisher\":{\"@id\":\"https:\/\/www.mic-hub.com\/#organization\"},\"image\":{\"@id\":\"https:\/\/www.mic-hub.com\/a-green-promenade-for-cagliaris-waterfront\/#primaryimage\"},\"thumbnailUrl\":\"https:\/\/www.mic-hub.com\/wp-content\/uploads\/2022\/07\/01A_Cagliari-via-Roma-Piazza-Matteotti-hero.jpg\",\"keywords\":[\"News\"],\"inLanguage\":\"it-IT\",\"potentialAction\":[{\"@type\":\"CommentAction\",\"name\":\"Comment\",\"target\":[\"https:\/\/www.mic-hub.com\/a-green-promenade-for-cagliaris-waterfront\/#respond\"]}]},{\"@type\":\"Person\",\"@id\":\"https:\/\/www.mic-hub.com\/#\/schema\/person\/23b2e7abf81cdb24babdc07feb6835be\",\"name\":\"Alessia\",\"image\":{\"@type\":\"ImageObject\",\"@id\":\"https:\/\/www.mic-hub.com\/it\/#personlogo\",\"inLanguage\":\"it-IT\",\"url\":\"https:\/\/secure.gravatar.com\/avatar\/f14dc2cba50883354860eb55730bfe8d682b74392348780008bd9913bbf8b74a?s=96&d=mm&r=g\",\"contentUrl\":\"https:\/\/secure.gravatar.com\/avatar\/f14dc2cba50883354860eb55730bfe8d682b74392348780008bd9913bbf8b74a?s=96&d=mm&r=g\",\"caption\":\"Alessia\"}}]}<\/script>\n<!-- \/ Yoast SEO plugin. -->","yoast_head_json":{"description":"Il progetto \u00e8 stato presentato oggi a Cagliari in conferenza stampa dal sindaco Paolo Truzzu e dall'architetto Stefano Boeri.","robots":{"index":"index","follow":"follow","max-snippet":"max-snippet:-1","max-image-preview":"max-image-preview:large","max-video-preview":"max-video-preview:-1"},"canonical":"https:\/\/www.mic-hub.com\/it\/a-green-promenade-for-cagliaris-waterfront\/","og_locale":"it_IT","og_type":"article","og_title":"Una promenade verde per il lungomare di Cagliari","og_description":"Il progetto \u00e8 stato presentato oggi a Cagliari in conferenza stampa dal sindaco Paolo Truzzu e dall'architetto Stefano Boeri.","og_url":"https:\/\/www.mic-hub.com\/it\/a-green-promenade-for-cagliaris-waterfront\/","og_site_name":"MIC-HUB","article_published_time":"2022-07-19T10:41:05+00:00","article_modified_time":"2023-04-03T15:13:01+00:00","og_image":[{"width":1024,"height":768,"url":"https:\/\/www.mic-hub.com\/wp-content\/uploads\/2022\/07\/01A_Cagliari-via-Roma-Piazza-Matteotti-hero.jpg","type":"image\/jpeg"}],"twitter_card":"summary_large_image","twitter_misc":{"Scritto da":"Alessia"},"schema":{"@context":"https:\/\/schema.org","@graph":[{"@type":"Organization","@id":"https:\/\/www.mic-hub.com\/it\/#organization","name":"MIC-HUB","url":"https:\/\/www.mic-hub.com\/it\/","sameAs":[],"logo":{"@type":"ImageObject","@id":"https:\/\/www.mic-hub.com\/it\/#logo","inLanguage":"it-IT","url":"https:\/\/www.mic-hub.com\/wp-content\/uploads\/2022\/03\/mic-hub_logo_1200x628.jpg","contentUrl":"https:\/\/www.mic-hub.com\/wp-content\/uploads\/2022\/03\/mic-hub_logo_1200x628.jpg","width":1200,"height":628,"caption":"MIC-HUB"},"image":{"@id":"https:\/\/www.mic-hub.com\/it\/#logo"}},{"@type":"WebSite","@id":"https:\/\/www.mic-hub.com\/it\/#website","url":"https:\/\/www.mic-hub.com\/it\/","name":"MIC-HUB","description":"Mobility Planning, Infrastructure Design, City Futures","publisher":{"@id":"https:\/\/www.mic-hub.com\/it\/#organization"},"potentialAction":[{"@type":"SearchAction","target":{"@type":"EntryPoint","urlTemplate":"https:\/\/www.mic-hub.com\/it\/?s={search_term_string}"},"query-input":"required name=search_term_string"}],"inLanguage":"it-IT"},{"@type":"ImageObject","@id":"https:\/\/www.mic-hub.com\/it\/a-green-promenade-for-cagliaris-waterfront\/#primaryimage","inLanguage":"it-IT","url":"https:\/\/www.mic-hub.com\/wp-content\/uploads\/2022\/07\/01A_Cagliari-via-Roma-Piazza-Matteotti-hero.jpg","contentUrl":"https:\/\/www.mic-hub.com\/wp-content\/uploads\/2022\/07\/01A_Cagliari-via-Roma-Piazza-Matteotti-hero.jpg","width":1024,"height":768},{"@type":"WebPage","@id":"https:\/\/www.mic-hub.com\/it\/a-green-promenade-for-cagliaris-waterfront\/#webpage","url":"https:\/\/www.mic-hub.com\/it\/a-green-promenade-for-cagliaris-waterfront\/","name":"Una promenade verde per il lungomare di Cagliari","isPartOf":{"@id":"https:\/\/www.mic-hub.com\/it\/#website"},"primaryImageOfPage":{"@id":"https:\/\/www.mic-hub.com\/it\/a-green-promenade-for-cagliaris-waterfront\/#primaryimage"},"datePublished":"2022-07-19T10:41:05+00:00","dateModified":"2023-04-03T15:13:01+00:00","description":"Il progetto \u00e8 stato presentato oggi a Cagliari in conferenza stampa dal sindaco Paolo Truzzu e dall'architetto Stefano Boeri.","breadcrumb":{"@id":"https:\/\/www.mic-hub.com\/it\/a-green-promenade-for-cagliaris-waterfront\/#breadcrumb"},"inLanguage":"it-IT","potentialAction":[{"@type":"ReadAction","target":[["https:\/\/www.mic-hub.com\/it\/a-green-promenade-for-cagliaris-waterfront\/"]]}]},{"@type":"BreadcrumbList","@id":"https:\/\/www.mic-hub.com\/it\/a-green-promenade-for-cagliaris-waterfront\/#breadcrumb","itemListElement":[{"@type":"ListItem","position":1,"name":"A green promenade for the waterfront of Cagliari"}]},{"@type":"Article","@id":"https:\/\/www.mic-hub.com\/a-green-promenade-for-cagliaris-waterfront\/#article","isPartOf":{"@id":"https:\/\/www.mic-hub.com\/a-green-promenade-for-cagliaris-waterfront\/#webpage"},"author":{"@id":"https:\/\/www.mic-hub.com\/#\/schema\/person\/23b2e7abf81cdb24babdc07feb6835be"},"headline":"Una promenade verde per il lungomare di Cagliari","datePublished":"2022-07-19T10:41:05+00:00","dateModified":"2023-04-03T15:13:01+00:00","mainEntityOfPage":{"@id":"https:\/\/www.mic-hub.com\/a-green-promenade-for-cagliaris-waterfront\/#webpage"},"wordCount":18,"commentCount":0,"publisher":{"@id":"https:\/\/www.mic-hub.com\/#organization"},"image":{"@id":"https:\/\/www.mic-hub.com\/a-green-promenade-for-cagliaris-waterfront\/#primaryimage"},"thumbnailUrl":"https:\/\/www.mic-hub.com\/wp-content\/uploads\/2022\/07\/01A_Cagliari-via-Roma-Piazza-Matteotti-hero.jpg","keywords":["News"],"inLanguage":"it-IT","potentialAction":[{"@type":"CommentAction","name":"Comment","target":["https:\/\/www.mic-hub.com\/a-green-promenade-for-cagliaris-waterfront\/#respond"]}]},{"@type":"Person","@id":"https:\/\/www.mic-hub.com\/#\/schema\/person\/23b2e7abf81cdb24babdc07feb6835be","name":"Alessia","image":{"@type":"ImageObject","@id":"https:\/\/www.mic-hub.com\/it\/#personlogo","inLanguage":"it-IT","url":"https:\/\/secure.gravatar.com\/avatar\/f14dc2cba50883354860eb55730bfe8d682b74392348780008bd9913bbf8b74a?s=96&d=mm&r=g","contentUrl":"https:\/\/secure.gravatar.com\/avatar\/f14dc2cba50883354860eb55730bfe8d682b74392348780008bd9913bbf8b74a?s=96&d=mm&r=g","caption":"Alessia"}}]}},"meta_box":{"MICHUB_gallery":[{"MICHUB_image":"2873","MICHUB_caption":"Una promenade verde per il lungomare di Cagliari"},{"MICHUB_image":"2878","MICHUB_caption":"Una promenade verde per il lungomare di Cagliari"},{"MICHUB_image":"2875","MICHUB_caption":"Una promenade verde per il lungomare di Cagliari"},{"MICHUB_image":"2876","MICHUB_caption":"Una promenade verde per il lungomare di Cagliari"},{"MICHUB_image":"2877","MICHUB_caption":"Una promenade verde per il lungomare di Cagliari"},{"MICHUB_image":"2879","MICHUB_caption":"Francesco Betta, MIC-HUB Project Leader, with Paolo Truzzu, Mayor of Cagliari, and Stefano Boeri"}],"MICHUB_content":"<p>Patto per lo sviluppo della citt\u00e0 metropolitana di Cagliari, centro intermodale e riqualificazione di Piazza Matteotti e della fascia centrale della Via Roma.<\/p>\r\n\r\n&nbsp;\r\n\r\n<p>Il progetto \u201cUna promenade verde per il lungomare di Cagliari\u201d \u2013 presentato dal raggruppamento temporaneo di MATE Societ\u00e0 Cooperativa, Stefano Boeri Architetti, StudioSilva, S.T.P., MIC-HUB, con l\u2019archeologo Demis Massimiliano Murgia, a seguito della gara vinta per la ridefinizione del waterfront di Cagliari \u2013 prevede la riqualificazione della passeggiata di via Roma, un intervento sul fronte del Porto e la sistemazione di Piazza Matteotti..<\/p>\r\n\r\n&nbsp;\r\n\r\n\r\n<p>Attualmente il waterfront di Cagliari, strutturalmente determinato dalla presenza del porto e del quartiere della Marina, \u00e8 caratterizzato da una forte e progressiva impermeabilizzazione del suolo \u2013 con conseguenti effetti negativi anche in termini di perdita della biodiversit\u00e0 ed effetto \u201cisola di calore\u201d \u2013 e dalla presenza di una viabilit\u00e0 non razionalmente ordinata, che rappresenta oggettivamente un elemento di ostacolo tra il tessuto urbano e il mare.<\/p>\r\n\r\n&nbsp;\r\n\r\n\r\n<p>Il nuovo intervento urbano e paesaggistico si propone di ripristinare il valore sociale e ambientale del lungomare di Cagliari, attraverso una promenade verde che riprenda l\u2019originaria funzione ottocentesca di Via Roma. A partire dalla tradizione cagliaritana dei viali alberati, il progetto definisce uno spazio pubblico continuo, pedonale e ombreggiato che funzioni da \u201cpolmone verde\u201d ed elemento connettore, sia in senso longitudinale tra la Stazione FFSS e Piazza Ingrao, sia in senso trasversale \u2013 tra la citt\u00e0 e il mare.<\/p>\r\n\r\n&nbsp;\r\n\r\n\r\n<p>A partire da studi trasportistici che hanno ridisegnato il sistema della mobilit\u00e0, il progetto prevede infatti il restringimento di due corsie sulla viabilit\u00e0 principale per estendere lo spazio pubblico della citt\u00e0 fino al mare. <\/p> \r\n\r\n<p>In questo modo, la nuova promenade innesca la creazione di un nuovo parco e di uno spazio aperto alla citt\u00e0, diventando un elemento di connessione tra il lungomare e le principali funzioni pubbliche che vi si affacciano, valorizzando l\u2019intera area dal punto di vista culturale, sociale e ambientale.<\/p>\r\n\r\n<p>In particolare, l\u2019intervento progettuale mira a valorizzare il carattere di mixit\u00e9 dell\u2019area, per implementare l\u2019inclusione sociale e la coesione della comunit\u00e0, creando nuovi epicentri della vita collettiva anche in previsione di sviluppi dell\u2019area verso il porto.<\/p>\r\n\r\n&nbsp;\r\n\r\n\r\n<p>Grande importanza \u00e8 data al verde, in linea con la filosofia di forestazione urbana della citt\u00e0, per tutelare la biodiversit\u00e0, combattere gli effetti del cambiamento climatico e purificare l\u2019aria. Il progetto contribuisce ad aumentare la presenza di verde, in grado di trattenere polveri sottili e assorbire CO2, oltre che abbattere l\u2019effetto \u201cisola di calore\u201d e mitigare il microclima.<\/p> \r\n\r\n&nbsp;\r\n\r\n\r\n<p>Il contesto di intervento, denso di simboli e storia, si trova infatti in uno spazio urbano dinamico intermodale che \u00e8 destinato a fungere da principale portale di ingresso alla citt\u00e0.<\/p>\r\n<p>Il progetto della promenade si colloca nel contesto di un potenziale masterplan di inquadramento generale, che mette a sistema gli interventi e i progetti previsti dalla programmazione strategica e urbanistica del Comune, cos\u00ec come da altri enti quali l\u2019Autorit\u00e0 di Sistema Portuale.<\/p> \r\n<br>\r\n<p>In particolare, il piano prevede l\u2019implementazione di una mobilit\u00e0 sostenibile basata su principi di prossimit\u00e0 e pedonalit\u00e0. Una rete di percorsi collega e anima infatti  tutte le aree verdi con il resto del quartiere Marina, in modo che l\u2019intero parco diventi un efficiente connettore urbano e sociale tra il tessuto urbano e il mare, recuperando un rapporto fino ad ora negato.<\/p> \r\n\r\n\r\n&nbsp;\r\n\r\n\r\n<p>A partire dalle strategie sostenibili tra le quali la produzione energetica da fonti rinnovabili \u2013 attraverso l\u2019utilizzo di pannelli fotovoltaici che potrebbero garantire l\u2019autosufficienza energetica della comunit\u00e0 \u2013 e la mobilit\u00e0 sostenibile, il masterplan renderebbe il lungomare di Cagliari una nuova centralit\u00e0 pubblica, accessibile per la citt\u00e0 e innovativa, rinnovandone il valore identitario.<\/p>","MICHUB_claim":"Il progetto \u00e8 stato presentato oggi a Cagliari in conferenza stampa dal sindaco Paolo Truzzu e dall'architetto Stefano Boeri.","MICHUB_link_text":"","MICHUB_link":"","MICHUB_attachments_it":[],"MICHUB_attachments_en":[]},"_links":{"self":[{"href":"https:\/\/www.mic-hub.com\/it\/wp-json\/wp\/v2\/posts\/2868","targetHints":{"allow":["GET"]}}],"collection":[{"href":"https:\/\/www.mic-hub.com\/it\/wp-json\/wp\/v2\/posts"}],"about":[{"href":"https:\/\/www.mic-hub.com\/it\/wp-json\/wp\/v2\/types\/post"}],"author":[{"embeddable":true,"href":"https:\/\/www.mic-hub.com\/it\/wp-json\/wp\/v2\/users\/2"}],"replies":[{"embeddable":true,"href":"https:\/\/www.mic-hub.com\/it\/wp-json\/wp\/v2\/comments?post=2868"}],"version-history":[{"count":5,"href":"https:\/\/www.mic-hub.com\/it\/wp-json\/wp\/v2\/posts\/2868\/revisions"}],"predecessor-version":[{"id":3278,"href":"https:\/\/www.mic-hub.com\/it\/wp-json\/wp\/v2\/posts\/2868\/revisions\/3278"}],"wp:featuredmedia":[{"embeddable":true,"href":"https:\/\/www.mic-hub.com\/it\/wp-json\/wp\/v2\/media\/2874"}],"wp:attachment":[{"href":"https:\/\/www.mic-hub.com\/it\/wp-json\/wp\/v2\/media?parent=2868"}],"wp:term":[{"taxonomy":"post_tag","embeddable":true,"href":"https:\/\/www.mic-hub.com\/it\/wp-json\/wp\/v2\/tags?post=2868"}],"curies":[{"name":"wp","href":"https:\/\/api.w.org\/{rel}","templated":true}]}}