

{"id":3170,"date":"2023-03-07T14:57:16","date_gmt":"2023-03-07T13:57:16","guid":{"rendered":"https:\/\/www.mic-hub.com\/?p=3170"},"modified":"2023-03-07T18:11:22","modified_gmt":"2023-03-07T17:11:22","slug":"mic-hub-at-the-seminar-on-accessibility-and-connectivity-of-the-15-minute-city","status":"publish","type":"post","link":"https:\/\/www.mic-hub.com\/it\/mic-hub-at-the-seminar-on-accessibility-and-connectivity-of-the-15-minute-city\/","title":{"rendered":"MIC-HUB al seminario Accessibility and Connectivity of the 15-minute City"},"content":{"rendered":"","protected":false},"excerpt":{"rendered":"","protected":false},"author":2,"featured_media":3198,"comment_status":"open","ping_status":"open","sticky":false,"template":"","format":"standard","meta":{"footnotes":""},"tags":[40],"class_list":["post-3170","post","type-post","status-publish","format-standard","has-post-thumbnail","hentry","tag-conferences"],"yoast_head":"<!-- This site is optimized with the Yoast SEO plugin v18.2 - https:\/\/yoast.com\/wordpress\/plugins\/seo\/ -->\n<meta name=\"description\" content=\"Seminario congiunto ACUTE \/ UERA TWG Urban Accessibility and Connectivity \/ Politecnico di Milano - 8 Marzo 2023, Milano\" \/>\n<meta name=\"robots\" content=\"index, follow, max-snippet:-1, max-image-preview:large, max-video-preview:-1\" \/>\n<link rel=\"canonical\" href=\"https:\/\/www.mic-hub.com\/it\/mic-hub-at-the-seminar-on-accessibility-and-connectivity-of-the-15-minute-city\/\" \/>\n<meta property=\"og:locale\" content=\"it_IT\" \/>\n<meta property=\"og:type\" content=\"article\" \/>\n<meta property=\"og:title\" content=\"MIC-HUB al seminario Accessibility and Connectivity of the 15-minute City\" \/>\n<meta property=\"og:description\" content=\"Seminario congiunto ACUTE \/ UERA TWG Urban Accessibility and Connectivity \/ Politecnico di Milano - 8 Marzo 2023, Milano\" \/>\n<meta property=\"og:url\" content=\"https:\/\/www.mic-hub.com\/it\/mic-hub-at-the-seminar-on-accessibility-and-connectivity-of-the-15-minute-city\/\" \/>\n<meta property=\"og:site_name\" content=\"MIC-HUB\" \/>\n<meta property=\"article:published_time\" content=\"2023-03-07T13:57:16+00:00\" \/>\n<meta property=\"article:modified_time\" content=\"2023-03-07T17:11:22+00:00\" \/>\n<meta property=\"og:image\" content=\"https:\/\/www.mic-hub.com\/wp-content\/uploads\/2023\/03\/Poli_cover_def.jpg\" \/>\n\t<meta property=\"og:image:width\" content=\"1024\" \/>\n\t<meta property=\"og:image:height\" content=\"768\" \/>\n\t<meta property=\"og:image:type\" content=\"image\/jpeg\" \/>\n<meta name=\"twitter:card\" content=\"summary_large_image\" \/>\n<meta name=\"twitter:label1\" content=\"Scritto da\" \/>\n\t<meta name=\"twitter:data1\" content=\"Alessia\" \/>\n<script type=\"application\/ld+json\" class=\"yoast-schema-graph\">{\"@context\":\"https:\/\/schema.org\",\"@graph\":[{\"@type\":\"Organization\",\"@id\":\"https:\/\/www.mic-hub.com\/it\/#organization\",\"name\":\"MIC-HUB\",\"url\":\"https:\/\/www.mic-hub.com\/it\/\",\"sameAs\":[],\"logo\":{\"@type\":\"ImageObject\",\"@id\":\"https:\/\/www.mic-hub.com\/it\/#logo\",\"inLanguage\":\"it-IT\",\"url\":\"https:\/\/www.mic-hub.com\/wp-content\/uploads\/2022\/03\/mic-hub_logo_1200x628.jpg\",\"contentUrl\":\"https:\/\/www.mic-hub.com\/wp-content\/uploads\/2022\/03\/mic-hub_logo_1200x628.jpg\",\"width\":1200,\"height\":628,\"caption\":\"MIC-HUB\"},\"image\":{\"@id\":\"https:\/\/www.mic-hub.com\/it\/#logo\"}},{\"@type\":\"WebSite\",\"@id\":\"https:\/\/www.mic-hub.com\/it\/#website\",\"url\":\"https:\/\/www.mic-hub.com\/it\/\",\"name\":\"MIC-HUB\",\"description\":\"Mobility Planning, Infrastructure Design, City Futures\",\"publisher\":{\"@id\":\"https:\/\/www.mic-hub.com\/it\/#organization\"},\"potentialAction\":[{\"@type\":\"SearchAction\",\"target\":{\"@type\":\"EntryPoint\",\"urlTemplate\":\"https:\/\/www.mic-hub.com\/it\/?s={search_term_string}\"},\"query-input\":\"required name=search_term_string\"}],\"inLanguage\":\"it-IT\"},{\"@type\":\"ImageObject\",\"@id\":\"https:\/\/www.mic-hub.com\/it\/mic-hub-at-the-seminar-on-accessibility-and-connectivity-of-the-15-minute-city\/#primaryimage\",\"inLanguage\":\"it-IT\",\"url\":\"https:\/\/www.mic-hub.com\/wp-content\/uploads\/2023\/03\/Poli_cover_def.jpg\",\"contentUrl\":\"https:\/\/www.mic-hub.com\/wp-content\/uploads\/2023\/03\/Poli_cover_def.jpg\",\"width\":1024,\"height\":768},{\"@type\":\"WebPage\",\"@id\":\"https:\/\/www.mic-hub.com\/it\/mic-hub-at-the-seminar-on-accessibility-and-connectivity-of-the-15-minute-city\/#webpage\",\"url\":\"https:\/\/www.mic-hub.com\/it\/mic-hub-at-the-seminar-on-accessibility-and-connectivity-of-the-15-minute-city\/\",\"name\":\"MIC-HUB al seminario Accessibility and Connectivity of the 15-minute City\",\"isPartOf\":{\"@id\":\"https:\/\/www.mic-hub.com\/it\/#website\"},\"primaryImageOfPage\":{\"@id\":\"https:\/\/www.mic-hub.com\/it\/mic-hub-at-the-seminar-on-accessibility-and-connectivity-of-the-15-minute-city\/#primaryimage\"},\"datePublished\":\"2023-03-07T13:57:16+00:00\",\"dateModified\":\"2023-03-07T17:11:22+00:00\",\"description\":\"Seminario congiunto ACUTE \/ UERA TWG Urban Accessibility and Connectivity \/ Politecnico di Milano - 8 Marzo 2023, Milano\",\"breadcrumb\":{\"@id\":\"https:\/\/www.mic-hub.com\/it\/mic-hub-at-the-seminar-on-accessibility-and-connectivity-of-the-15-minute-city\/#breadcrumb\"},\"inLanguage\":\"it-IT\",\"potentialAction\":[{\"@type\":\"ReadAction\",\"target\":[[\"https:\/\/www.mic-hub.com\/it\/mic-hub-at-the-seminar-on-accessibility-and-connectivity-of-the-15-minute-city\/\"]]}]},{\"@type\":\"BreadcrumbList\",\"@id\":\"https:\/\/www.mic-hub.com\/it\/mic-hub-at-the-seminar-on-accessibility-and-connectivity-of-the-15-minute-city\/#breadcrumb\",\"itemListElement\":[{\"@type\":\"ListItem\",\"position\":1,\"name\":\"MIC-HUB at the seminar on Accessibility and Connectivity of the 15-minute City\"}]},{\"@type\":\"Article\",\"@id\":\"https:\/\/www.mic-hub.com\/mic-hub-at-the-seminar-on-accessibility-and-connectivity-of-the-15-minute-city\/#article\",\"isPartOf\":{\"@id\":\"https:\/\/www.mic-hub.com\/mic-hub-at-the-seminar-on-accessibility-and-connectivity-of-the-15-minute-city\/#webpage\"},\"author\":{\"@id\":\"https:\/\/www.mic-hub.com\/#\/schema\/person\/23b2e7abf81cdb24babdc07feb6835be\"},\"headline\":\"MIC-HUB al seminario Accessibility and Connectivity of the 15-minute City\",\"datePublished\":\"2023-03-07T13:57:16+00:00\",\"dateModified\":\"2023-03-07T17:11:22+00:00\",\"mainEntityOfPage\":{\"@id\":\"https:\/\/www.mic-hub.com\/mic-hub-at-the-seminar-on-accessibility-and-connectivity-of-the-15-minute-city\/#webpage\"},\"wordCount\":24,\"commentCount\":0,\"publisher\":{\"@id\":\"https:\/\/www.mic-hub.com\/#organization\"},\"image\":{\"@id\":\"https:\/\/www.mic-hub.com\/mic-hub-at-the-seminar-on-accessibility-and-connectivity-of-the-15-minute-city\/#primaryimage\"},\"thumbnailUrl\":\"https:\/\/www.mic-hub.com\/wp-content\/uploads\/2023\/03\/Poli_cover_def.jpg\",\"keywords\":[\"Conferences\"],\"inLanguage\":\"it-IT\",\"potentialAction\":[{\"@type\":\"CommentAction\",\"name\":\"Comment\",\"target\":[\"https:\/\/www.mic-hub.com\/mic-hub-at-the-seminar-on-accessibility-and-connectivity-of-the-15-minute-city\/#respond\"]}]},{\"@type\":\"Person\",\"@id\":\"https:\/\/www.mic-hub.com\/#\/schema\/person\/23b2e7abf81cdb24babdc07feb6835be\",\"name\":\"Alessia\",\"image\":{\"@type\":\"ImageObject\",\"@id\":\"https:\/\/www.mic-hub.com\/it\/#personlogo\",\"inLanguage\":\"it-IT\",\"url\":\"https:\/\/secure.gravatar.com\/avatar\/f14dc2cba50883354860eb55730bfe8d682b74392348780008bd9913bbf8b74a?s=96&d=mm&r=g\",\"contentUrl\":\"https:\/\/secure.gravatar.com\/avatar\/f14dc2cba50883354860eb55730bfe8d682b74392348780008bd9913bbf8b74a?s=96&d=mm&r=g\",\"caption\":\"Alessia\"}}]}<\/script>\n<!-- \/ Yoast SEO plugin. -->","yoast_head_json":{"description":"Seminario congiunto ACUTE \/ UERA TWG Urban Accessibility and Connectivity \/ Politecnico di Milano - 8 Marzo 2023, Milano","robots":{"index":"index","follow":"follow","max-snippet":"max-snippet:-1","max-image-preview":"max-image-preview:large","max-video-preview":"max-video-preview:-1"},"canonical":"https:\/\/www.mic-hub.com\/it\/mic-hub-at-the-seminar-on-accessibility-and-connectivity-of-the-15-minute-city\/","og_locale":"it_IT","og_type":"article","og_title":"MIC-HUB al seminario Accessibility and Connectivity of the 15-minute City","og_description":"Seminario congiunto ACUTE \/ UERA TWG Urban Accessibility and Connectivity \/ Politecnico di Milano - 8 Marzo 2023, Milano","og_url":"https:\/\/www.mic-hub.com\/it\/mic-hub-at-the-seminar-on-accessibility-and-connectivity-of-the-15-minute-city\/","og_site_name":"MIC-HUB","article_published_time":"2023-03-07T13:57:16+00:00","article_modified_time":"2023-03-07T17:11:22+00:00","og_image":[{"width":1024,"height":768,"url":"https:\/\/www.mic-hub.com\/wp-content\/uploads\/2023\/03\/Poli_cover_def.jpg","type":"image\/jpeg"}],"twitter_card":"summary_large_image","twitter_misc":{"Scritto da":"Alessia"},"schema":{"@context":"https:\/\/schema.org","@graph":[{"@type":"Organization","@id":"https:\/\/www.mic-hub.com\/it\/#organization","name":"MIC-HUB","url":"https:\/\/www.mic-hub.com\/it\/","sameAs":[],"logo":{"@type":"ImageObject","@id":"https:\/\/www.mic-hub.com\/it\/#logo","inLanguage":"it-IT","url":"https:\/\/www.mic-hub.com\/wp-content\/uploads\/2022\/03\/mic-hub_logo_1200x628.jpg","contentUrl":"https:\/\/www.mic-hub.com\/wp-content\/uploads\/2022\/03\/mic-hub_logo_1200x628.jpg","width":1200,"height":628,"caption":"MIC-HUB"},"image":{"@id":"https:\/\/www.mic-hub.com\/it\/#logo"}},{"@type":"WebSite","@id":"https:\/\/www.mic-hub.com\/it\/#website","url":"https:\/\/www.mic-hub.com\/it\/","name":"MIC-HUB","description":"Mobility Planning, Infrastructure Design, City Futures","publisher":{"@id":"https:\/\/www.mic-hub.com\/it\/#organization"},"potentialAction":[{"@type":"SearchAction","target":{"@type":"EntryPoint","urlTemplate":"https:\/\/www.mic-hub.com\/it\/?s={search_term_string}"},"query-input":"required name=search_term_string"}],"inLanguage":"it-IT"},{"@type":"ImageObject","@id":"https:\/\/www.mic-hub.com\/it\/mic-hub-at-the-seminar-on-accessibility-and-connectivity-of-the-15-minute-city\/#primaryimage","inLanguage":"it-IT","url":"https:\/\/www.mic-hub.com\/wp-content\/uploads\/2023\/03\/Poli_cover_def.jpg","contentUrl":"https:\/\/www.mic-hub.com\/wp-content\/uploads\/2023\/03\/Poli_cover_def.jpg","width":1024,"height":768},{"@type":"WebPage","@id":"https:\/\/www.mic-hub.com\/it\/mic-hub-at-the-seminar-on-accessibility-and-connectivity-of-the-15-minute-city\/#webpage","url":"https:\/\/www.mic-hub.com\/it\/mic-hub-at-the-seminar-on-accessibility-and-connectivity-of-the-15-minute-city\/","name":"MIC-HUB al seminario Accessibility and Connectivity of the 15-minute City","isPartOf":{"@id":"https:\/\/www.mic-hub.com\/it\/#website"},"primaryImageOfPage":{"@id":"https:\/\/www.mic-hub.com\/it\/mic-hub-at-the-seminar-on-accessibility-and-connectivity-of-the-15-minute-city\/#primaryimage"},"datePublished":"2023-03-07T13:57:16+00:00","dateModified":"2023-03-07T17:11:22+00:00","description":"Seminario congiunto ACUTE \/ UERA TWG Urban Accessibility and Connectivity \/ Politecnico di Milano - 8 Marzo 2023, Milano","breadcrumb":{"@id":"https:\/\/www.mic-hub.com\/it\/mic-hub-at-the-seminar-on-accessibility-and-connectivity-of-the-15-minute-city\/#breadcrumb"},"inLanguage":"it-IT","potentialAction":[{"@type":"ReadAction","target":[["https:\/\/www.mic-hub.com\/it\/mic-hub-at-the-seminar-on-accessibility-and-connectivity-of-the-15-minute-city\/"]]}]},{"@type":"BreadcrumbList","@id":"https:\/\/www.mic-hub.com\/it\/mic-hub-at-the-seminar-on-accessibility-and-connectivity-of-the-15-minute-city\/#breadcrumb","itemListElement":[{"@type":"ListItem","position":1,"name":"MIC-HUB at the seminar on Accessibility and Connectivity of the 15-minute City"}]},{"@type":"Article","@id":"https:\/\/www.mic-hub.com\/mic-hub-at-the-seminar-on-accessibility-and-connectivity-of-the-15-minute-city\/#article","isPartOf":{"@id":"https:\/\/www.mic-hub.com\/mic-hub-at-the-seminar-on-accessibility-and-connectivity-of-the-15-minute-city\/#webpage"},"author":{"@id":"https:\/\/www.mic-hub.com\/#\/schema\/person\/23b2e7abf81cdb24babdc07feb6835be"},"headline":"MIC-HUB al seminario Accessibility and Connectivity of the 15-minute City","datePublished":"2023-03-07T13:57:16+00:00","dateModified":"2023-03-07T17:11:22+00:00","mainEntityOfPage":{"@id":"https:\/\/www.mic-hub.com\/mic-hub-at-the-seminar-on-accessibility-and-connectivity-of-the-15-minute-city\/#webpage"},"wordCount":24,"commentCount":0,"publisher":{"@id":"https:\/\/www.mic-hub.com\/#organization"},"image":{"@id":"https:\/\/www.mic-hub.com\/mic-hub-at-the-seminar-on-accessibility-and-connectivity-of-the-15-minute-city\/#primaryimage"},"thumbnailUrl":"https:\/\/www.mic-hub.com\/wp-content\/uploads\/2023\/03\/Poli_cover_def.jpg","keywords":["Conferences"],"inLanguage":"it-IT","potentialAction":[{"@type":"CommentAction","name":"Comment","target":["https:\/\/www.mic-hub.com\/mic-hub-at-the-seminar-on-accessibility-and-connectivity-of-the-15-minute-city\/#respond"]}]},{"@type":"Person","@id":"https:\/\/www.mic-hub.com\/#\/schema\/person\/23b2e7abf81cdb24babdc07feb6835be","name":"Alessia","image":{"@type":"ImageObject","@id":"https:\/\/www.mic-hub.com\/it\/#personlogo","inLanguage":"it-IT","url":"https:\/\/secure.gravatar.com\/avatar\/f14dc2cba50883354860eb55730bfe8d682b74392348780008bd9913bbf8b74a?s=96&d=mm&r=g","contentUrl":"https:\/\/secure.gravatar.com\/avatar\/f14dc2cba50883354860eb55730bfe8d682b74392348780008bd9913bbf8b74a?s=96&d=mm&r=g","caption":"Alessia"}}]}},"meta_box":{"MICHUB_gallery":[{"MICHUB_image":"3191"},{"MICHUB_image":"3175","MICHUB_caption":"Come cambier\u00e0 il modo di viaggiare in citt\u00e0?"},{"MICHUB_image":"3176","MICHUB_caption":"Come cambier\u00e0 lo spazio urbano?"},{"MICHUB_image":"3177","MICHUB_caption":"Obiettivi e risultati"},{"MICHUB_image":"3178","MICHUB_caption":"Nuclei di Intensit\u00e0 Urbana e Aree di Transizione Urbana"},{"MICHUB_image":"3179","MICHUB_caption":"Definizione della griglia di valutazione"},{"MICHUB_image":"3180","MICHUB_caption":"Definizione delle ATU"}],"MICHUB_content":"<p>MIC-HUB presenta una ricerca al seminario \"Accessibility and Connectivity of the 15-minute-city\".<\/p>\r\n<br>\r\n<p>Il CEO di MIC-HUB, Federico Parolotto parteciper\u00e0 alla Tavola Rotonda con Alain L'Hostis (ACUTE \/ UERA), Antonella Bruzzese (Polimi), Matteo Motti (Comune di Milano), Tito Stefanelli (TRT).<\/p>\r\n\r\n&nbsp;\r\n\r\n<p>Durante il seminario, Gaia Sgaramella, Senior Consultant di MIC-HUB, presenter\u00e0 la ricerca \"Leggere la citt\u00e0 attraverso la prossimit\u00e0. Il caso di Reggio Emilia\", redatta da Giulia Carnevalini e Gaia Sgaramella.<\/p>\r\n\r\n&nbsp;\r\n\r\n<p>La ricerca ha esaminato concetti come la crono-urbanistica e la citt\u00e0 dei 15 minuti per vedere se potevano essere applicati a Reggio Emilia. L'analisi del contesto ha evidenziato che basare la strategia sui tempi di percorrenza avrebbe portato a trascurare aspetti importanti. Per questi motivi, il lavoro si \u00e8 concentrato sulla scala di quartiere, analizzando la connessione tra le polarit\u00e0 e le loro relazioni di prossimit\u00e0. Nel nuovo approccio alla pianificazione dell'accessibilit\u00e0 viene quindi utilizzato il concetto della citt\u00e0 di prossimit\u00e0, piuttosto che la crono-urbanistica.<\/p>\r\n\r\n&nbsp;\r\n\r\n<p>Il lavoro ha applicato all'ambiente urbano concetti mutuati dall'ecologia (habitat, aree di transizione, ecotoni). Utilizzando questi principi, sono state definite due unit\u00e0 urbane distinte. Le polarit\u00e0 - dove si svolge la vita attiva della citt\u00e0 - sono state identificate come NIU (Nuclei di Intensit\u00e0 Urbana) e le fasce ecotonali - aree di transizione tra i nuclei - come ATU (Aree di Transizione Urbana).<\/p>\r\n<p>L'approccio ha incluso la definizione puntuale di una citt\u00e0 percorribile pedonalmente che pu\u00f2 innescare la riprogettazione degli spazi pubblici per avviare benefici fisici, sociali, economici e ambientali a lungo termine, aumentando la sostenibilit\u00e0 dell'intero sistema urbano.<\/p>\r\n<p>Questa metodologia contribuir\u00e0 alla creazione di una citt\u00e0 a 30 km\/h, supportando la trasformazione della strada con un focus sui pedoni e la mobilit\u00e0 sostenibile, con l'obiettivo di restituire uno spazio pubblico migliore alla citt\u00e0 e ai suoi cittadini.<\/p>\r\n\r\n&nbsp;\r\n\r\n<p>Il lavoro di ricerca \u00e8 stato sviluppato e personalizzato per Reggio Emilia dal team di MIC-HUB: Giulia Carnevalini, Loris Sciacchitano, Gaia Sgaramella e Giuseppe Andrea Vallelonga.<\/p>","MICHUB_claim":"Seminario congiunto ACUTE \/ UERA TWG Urban Accessibility and Connectivity \/ Politecnico di Milano - 8 Marzo 2023, Milano","MICHUB_link_text":"More info","MICHUB_link":"https:\/\/acute-uera.sciencesconf.org\/","MICHUB_attachments_it":[],"MICHUB_attachments_en":[]},"_links":{"self":[{"href":"https:\/\/www.mic-hub.com\/it\/wp-json\/wp\/v2\/posts\/3170","targetHints":{"allow":["GET"]}}],"collection":[{"href":"https:\/\/www.mic-hub.com\/it\/wp-json\/wp\/v2\/posts"}],"about":[{"href":"https:\/\/www.mic-hub.com\/it\/wp-json\/wp\/v2\/types\/post"}],"author":[{"embeddable":true,"href":"https:\/\/www.mic-hub.com\/it\/wp-json\/wp\/v2\/users\/2"}],"replies":[{"embeddable":true,"href":"https:\/\/www.mic-hub.com\/it\/wp-json\/wp\/v2\/comments?post=3170"}],"version-history":[{"count":6,"href":"https:\/\/www.mic-hub.com\/it\/wp-json\/wp\/v2\/posts\/3170\/revisions"}],"predecessor-version":[{"id":3193,"href":"https:\/\/www.mic-hub.com\/it\/wp-json\/wp\/v2\/posts\/3170\/revisions\/3193"}],"wp:featuredmedia":[{"embeddable":true,"href":"https:\/\/www.mic-hub.com\/it\/wp-json\/wp\/v2\/media\/3198"}],"wp:attachment":[{"href":"https:\/\/www.mic-hub.com\/it\/wp-json\/wp\/v2\/media?parent=3170"}],"wp:term":[{"taxonomy":"post_tag","embeddable":true,"href":"https:\/\/www.mic-hub.com\/it\/wp-json\/wp\/v2\/tags?post=3170"}],"curies":[{"name":"wp","href":"https:\/\/api.w.org\/{rel}","templated":true}]}}