

{"id":3319,"date":"2023-04-27T07:45:57","date_gmt":"2023-04-27T06:45:57","guid":{"rendered":"https:\/\/www.mic-hub.com\/?p=3319"},"modified":"2023-05-03T10:21:20","modified_gmt":"2023-05-03T09:21:20","slug":"open-mic-the-second-episode-of-the-podcast-with-mario-cucinella-is-online","status":"publish","type":"post","link":"https:\/\/www.mic-hub.com\/it\/open-mic-the-second-episode-of-the-podcast-with-mario-cucinella-is-online\/","title":{"rendered":"Open MIC: \u00e8 online il secondo episodio del podcast con Mario Cucinella"},"content":{"rendered":"","protected":false},"excerpt":{"rendered":"","protected":false},"author":2,"featured_media":3321,"comment_status":"open","ping_status":"open","sticky":false,"template":"","format":"standard","meta":{"footnotes":""},"tags":[18],"class_list":["post-3319","post","type-post","status-publish","format-standard","has-post-thumbnail","hentry","tag-podcast"],"yoast_head":"<!-- This site is optimized with the Yoast SEO plugin v18.2 - https:\/\/yoast.com\/wordpress\/plugins\/seo\/ -->\n<meta name=\"description\" content=\"Ascolta la seconda puntata di Architects, Cities and Mobility con Mario Cucinella! Architects, Cities and Mobility \u00e8 la prima stagione di Open MIC, il podcast di MIC-HUB che parla di mobilit\u00e0, infrastrutture, citt\u00e0 e ambiente.\" \/>\n<meta name=\"robots\" content=\"index, follow, max-snippet:-1, max-image-preview:large, max-video-preview:-1\" \/>\n<link rel=\"canonical\" href=\"https:\/\/www.mic-hub.com\/it\/open-mic-the-second-episode-of-the-podcast-with-mario-cucinella-is-online\/\" \/>\n<meta property=\"og:locale\" content=\"it_IT\" \/>\n<meta property=\"og:type\" content=\"article\" \/>\n<meta property=\"og:title\" content=\"Open MIC: \u00e8 online il secondo episodio del podcast con Mario Cucinella\" \/>\n<meta property=\"og:description\" content=\"Ascolta la seconda puntata di Architects, Cities and Mobility con Mario Cucinella! Architects, Cities and Mobility \u00e8 la prima stagione di Open MIC, il podcast di MIC-HUB che parla di mobilit\u00e0, infrastrutture, citt\u00e0 e ambiente.\" \/>\n<meta property=\"og:url\" content=\"https:\/\/www.mic-hub.com\/it\/open-mic-the-second-episode-of-the-podcast-with-mario-cucinella-is-online\/\" \/>\n<meta property=\"og:site_name\" content=\"MIC-HUB\" \/>\n<meta property=\"article:published_time\" content=\"2023-04-27T06:45:57+00:00\" \/>\n<meta property=\"article:modified_time\" content=\"2023-05-03T09:21:20+00:00\" \/>\n<meta property=\"og:image\" content=\"https:\/\/www.mic-hub.com\/wp-content\/uploads\/2023\/04\/OpenMic-Cover-Ep02.jpg\" \/>\n\t<meta property=\"og:image:width\" content=\"1024\" \/>\n\t<meta property=\"og:image:height\" content=\"768\" \/>\n\t<meta property=\"og:image:type\" content=\"image\/jpeg\" \/>\n<meta name=\"twitter:card\" content=\"summary_large_image\" \/>\n<meta name=\"twitter:label1\" content=\"Scritto da\" \/>\n\t<meta name=\"twitter:data1\" content=\"Alessia\" \/>\n<script type=\"application\/ld+json\" class=\"yoast-schema-graph\">{\"@context\":\"https:\/\/schema.org\",\"@graph\":[{\"@type\":\"Organization\",\"@id\":\"https:\/\/www.mic-hub.com\/it\/#organization\",\"name\":\"MIC-HUB\",\"url\":\"https:\/\/www.mic-hub.com\/it\/\",\"sameAs\":[],\"logo\":{\"@type\":\"ImageObject\",\"@id\":\"https:\/\/www.mic-hub.com\/it\/#logo\",\"inLanguage\":\"it-IT\",\"url\":\"https:\/\/www.mic-hub.com\/wp-content\/uploads\/2022\/03\/mic-hub_logo_1200x628.jpg\",\"contentUrl\":\"https:\/\/www.mic-hub.com\/wp-content\/uploads\/2022\/03\/mic-hub_logo_1200x628.jpg\",\"width\":1200,\"height\":628,\"caption\":\"MIC-HUB\"},\"image\":{\"@id\":\"https:\/\/www.mic-hub.com\/it\/#logo\"}},{\"@type\":\"WebSite\",\"@id\":\"https:\/\/www.mic-hub.com\/it\/#website\",\"url\":\"https:\/\/www.mic-hub.com\/it\/\",\"name\":\"MIC-HUB\",\"description\":\"Mobility Planning, Infrastructure Design, City Futures\",\"publisher\":{\"@id\":\"https:\/\/www.mic-hub.com\/it\/#organization\"},\"potentialAction\":[{\"@type\":\"SearchAction\",\"target\":{\"@type\":\"EntryPoint\",\"urlTemplate\":\"https:\/\/www.mic-hub.com\/it\/?s={search_term_string}\"},\"query-input\":\"required name=search_term_string\"}],\"inLanguage\":\"it-IT\"},{\"@type\":\"ImageObject\",\"@id\":\"https:\/\/www.mic-hub.com\/it\/open-mic-the-second-episode-of-the-podcast-with-mario-cucinella-is-online\/#primaryimage\",\"inLanguage\":\"it-IT\",\"url\":\"https:\/\/www.mic-hub.com\/wp-content\/uploads\/2023\/04\/OpenMic-Cover-Ep02.jpg\",\"contentUrl\":\"https:\/\/www.mic-hub.com\/wp-content\/uploads\/2023\/04\/OpenMic-Cover-Ep02.jpg\",\"width\":1024,\"height\":768},{\"@type\":\"WebPage\",\"@id\":\"https:\/\/www.mic-hub.com\/it\/open-mic-the-second-episode-of-the-podcast-with-mario-cucinella-is-online\/#webpage\",\"url\":\"https:\/\/www.mic-hub.com\/it\/open-mic-the-second-episode-of-the-podcast-with-mario-cucinella-is-online\/\",\"name\":\"Open MIC: \u00e8 online il secondo episodio del podcast con Mario Cucinella\",\"isPartOf\":{\"@id\":\"https:\/\/www.mic-hub.com\/it\/#website\"},\"primaryImageOfPage\":{\"@id\":\"https:\/\/www.mic-hub.com\/it\/open-mic-the-second-episode-of-the-podcast-with-mario-cucinella-is-online\/#primaryimage\"},\"datePublished\":\"2023-04-27T06:45:57+00:00\",\"dateModified\":\"2023-05-03T09:21:20+00:00\",\"description\":\"Ascolta la seconda puntata di Architects, Cities and Mobility con Mario Cucinella! Architects, Cities and Mobility \u00e8 la prima stagione di Open MIC, il podcast di MIC-HUB che parla di mobilit\u00e0, infrastrutture, citt\u00e0 e ambiente.\",\"breadcrumb\":{\"@id\":\"https:\/\/www.mic-hub.com\/it\/open-mic-the-second-episode-of-the-podcast-with-mario-cucinella-is-online\/#breadcrumb\"},\"inLanguage\":\"it-IT\",\"potentialAction\":[{\"@type\":\"ReadAction\",\"target\":[[\"https:\/\/www.mic-hub.com\/it\/open-mic-the-second-episode-of-the-podcast-with-mario-cucinella-is-online\/\"]]}]},{\"@type\":\"BreadcrumbList\",\"@id\":\"https:\/\/www.mic-hub.com\/it\/open-mic-the-second-episode-of-the-podcast-with-mario-cucinella-is-online\/#breadcrumb\",\"itemListElement\":[{\"@type\":\"ListItem\",\"position\":1,\"name\":\"Open MIC: the second episode of the podcast with Mario Cucinella is online\"}]},{\"@type\":\"Article\",\"@id\":\"https:\/\/www.mic-hub.com\/open-mic-the-second-episode-of-the-podcast-with-mario-cucinella-is-online\/#article\",\"isPartOf\":{\"@id\":\"https:\/\/www.mic-hub.com\/open-mic-the-second-episode-of-the-podcast-with-mario-cucinella-is-online\/#webpage\"},\"author\":{\"@id\":\"https:\/\/www.mic-hub.com\/#\/schema\/person\/23b2e7abf81cdb24babdc07feb6835be\"},\"headline\":\"Open MIC: \u00e8 online il secondo episodio del podcast con Mario Cucinella\",\"datePublished\":\"2023-04-27T06:45:57+00:00\",\"dateModified\":\"2023-05-03T09:21:20+00:00\",\"mainEntityOfPage\":{\"@id\":\"https:\/\/www.mic-hub.com\/open-mic-the-second-episode-of-the-podcast-with-mario-cucinella-is-online\/#webpage\"},\"wordCount\":26,\"commentCount\":0,\"publisher\":{\"@id\":\"https:\/\/www.mic-hub.com\/#organization\"},\"image\":{\"@id\":\"https:\/\/www.mic-hub.com\/open-mic-the-second-episode-of-the-podcast-with-mario-cucinella-is-online\/#primaryimage\"},\"thumbnailUrl\":\"https:\/\/www.mic-hub.com\/wp-content\/uploads\/2023\/04\/OpenMic-Cover-Ep02.jpg\",\"keywords\":[\"Podcast\"],\"inLanguage\":\"it-IT\",\"potentialAction\":[{\"@type\":\"CommentAction\",\"name\":\"Comment\",\"target\":[\"https:\/\/www.mic-hub.com\/open-mic-the-second-episode-of-the-podcast-with-mario-cucinella-is-online\/#respond\"]}]},{\"@type\":\"Person\",\"@id\":\"https:\/\/www.mic-hub.com\/#\/schema\/person\/23b2e7abf81cdb24babdc07feb6835be\",\"name\":\"Alessia\",\"image\":{\"@type\":\"ImageObject\",\"@id\":\"https:\/\/www.mic-hub.com\/it\/#personlogo\",\"inLanguage\":\"it-IT\",\"url\":\"https:\/\/secure.gravatar.com\/avatar\/f14dc2cba50883354860eb55730bfe8d682b74392348780008bd9913bbf8b74a?s=96&d=mm&r=g\",\"contentUrl\":\"https:\/\/secure.gravatar.com\/avatar\/f14dc2cba50883354860eb55730bfe8d682b74392348780008bd9913bbf8b74a?s=96&d=mm&r=g\",\"caption\":\"Alessia\"}}]}<\/script>\n<!-- \/ Yoast SEO plugin. -->","yoast_head_json":{"description":"Ascolta la seconda puntata di Architects, Cities and Mobility con Mario Cucinella! Architects, Cities and Mobility \u00e8 la prima stagione di Open MIC, il podcast di MIC-HUB che parla di mobilit\u00e0, infrastrutture, citt\u00e0 e ambiente.","robots":{"index":"index","follow":"follow","max-snippet":"max-snippet:-1","max-image-preview":"max-image-preview:large","max-video-preview":"max-video-preview:-1"},"canonical":"https:\/\/www.mic-hub.com\/it\/open-mic-the-second-episode-of-the-podcast-with-mario-cucinella-is-online\/","og_locale":"it_IT","og_type":"article","og_title":"Open MIC: \u00e8 online il secondo episodio del podcast con Mario Cucinella","og_description":"Ascolta la seconda puntata di Architects, Cities and Mobility con Mario Cucinella! Architects, Cities and Mobility \u00e8 la prima stagione di Open MIC, il podcast di MIC-HUB che parla di mobilit\u00e0, infrastrutture, citt\u00e0 e ambiente.","og_url":"https:\/\/www.mic-hub.com\/it\/open-mic-the-second-episode-of-the-podcast-with-mario-cucinella-is-online\/","og_site_name":"MIC-HUB","article_published_time":"2023-04-27T06:45:57+00:00","article_modified_time":"2023-05-03T09:21:20+00:00","og_image":[{"width":1024,"height":768,"url":"https:\/\/www.mic-hub.com\/wp-content\/uploads\/2023\/04\/OpenMic-Cover-Ep02.jpg","type":"image\/jpeg"}],"twitter_card":"summary_large_image","twitter_misc":{"Scritto da":"Alessia"},"schema":{"@context":"https:\/\/schema.org","@graph":[{"@type":"Organization","@id":"https:\/\/www.mic-hub.com\/it\/#organization","name":"MIC-HUB","url":"https:\/\/www.mic-hub.com\/it\/","sameAs":[],"logo":{"@type":"ImageObject","@id":"https:\/\/www.mic-hub.com\/it\/#logo","inLanguage":"it-IT","url":"https:\/\/www.mic-hub.com\/wp-content\/uploads\/2022\/03\/mic-hub_logo_1200x628.jpg","contentUrl":"https:\/\/www.mic-hub.com\/wp-content\/uploads\/2022\/03\/mic-hub_logo_1200x628.jpg","width":1200,"height":628,"caption":"MIC-HUB"},"image":{"@id":"https:\/\/www.mic-hub.com\/it\/#logo"}},{"@type":"WebSite","@id":"https:\/\/www.mic-hub.com\/it\/#website","url":"https:\/\/www.mic-hub.com\/it\/","name":"MIC-HUB","description":"Mobility Planning, Infrastructure Design, City Futures","publisher":{"@id":"https:\/\/www.mic-hub.com\/it\/#organization"},"potentialAction":[{"@type":"SearchAction","target":{"@type":"EntryPoint","urlTemplate":"https:\/\/www.mic-hub.com\/it\/?s={search_term_string}"},"query-input":"required name=search_term_string"}],"inLanguage":"it-IT"},{"@type":"ImageObject","@id":"https:\/\/www.mic-hub.com\/it\/open-mic-the-second-episode-of-the-podcast-with-mario-cucinella-is-online\/#primaryimage","inLanguage":"it-IT","url":"https:\/\/www.mic-hub.com\/wp-content\/uploads\/2023\/04\/OpenMic-Cover-Ep02.jpg","contentUrl":"https:\/\/www.mic-hub.com\/wp-content\/uploads\/2023\/04\/OpenMic-Cover-Ep02.jpg","width":1024,"height":768},{"@type":"WebPage","@id":"https:\/\/www.mic-hub.com\/it\/open-mic-the-second-episode-of-the-podcast-with-mario-cucinella-is-online\/#webpage","url":"https:\/\/www.mic-hub.com\/it\/open-mic-the-second-episode-of-the-podcast-with-mario-cucinella-is-online\/","name":"Open MIC: \u00e8 online il secondo episodio del podcast con Mario Cucinella","isPartOf":{"@id":"https:\/\/www.mic-hub.com\/it\/#website"},"primaryImageOfPage":{"@id":"https:\/\/www.mic-hub.com\/it\/open-mic-the-second-episode-of-the-podcast-with-mario-cucinella-is-online\/#primaryimage"},"datePublished":"2023-04-27T06:45:57+00:00","dateModified":"2023-05-03T09:21:20+00:00","description":"Ascolta la seconda puntata di Architects, Cities and Mobility con Mario Cucinella! Architects, Cities and Mobility \u00e8 la prima stagione di Open MIC, il podcast di MIC-HUB che parla di mobilit\u00e0, infrastrutture, citt\u00e0 e ambiente.","breadcrumb":{"@id":"https:\/\/www.mic-hub.com\/it\/open-mic-the-second-episode-of-the-podcast-with-mario-cucinella-is-online\/#breadcrumb"},"inLanguage":"it-IT","potentialAction":[{"@type":"ReadAction","target":[["https:\/\/www.mic-hub.com\/it\/open-mic-the-second-episode-of-the-podcast-with-mario-cucinella-is-online\/"]]}]},{"@type":"BreadcrumbList","@id":"https:\/\/www.mic-hub.com\/it\/open-mic-the-second-episode-of-the-podcast-with-mario-cucinella-is-online\/#breadcrumb","itemListElement":[{"@type":"ListItem","position":1,"name":"Open MIC: the second episode of the podcast with Mario Cucinella is online"}]},{"@type":"Article","@id":"https:\/\/www.mic-hub.com\/open-mic-the-second-episode-of-the-podcast-with-mario-cucinella-is-online\/#article","isPartOf":{"@id":"https:\/\/www.mic-hub.com\/open-mic-the-second-episode-of-the-podcast-with-mario-cucinella-is-online\/#webpage"},"author":{"@id":"https:\/\/www.mic-hub.com\/#\/schema\/person\/23b2e7abf81cdb24babdc07feb6835be"},"headline":"Open MIC: \u00e8 online il secondo episodio del podcast con Mario Cucinella","datePublished":"2023-04-27T06:45:57+00:00","dateModified":"2023-05-03T09:21:20+00:00","mainEntityOfPage":{"@id":"https:\/\/www.mic-hub.com\/open-mic-the-second-episode-of-the-podcast-with-mario-cucinella-is-online\/#webpage"},"wordCount":26,"commentCount":0,"publisher":{"@id":"https:\/\/www.mic-hub.com\/#organization"},"image":{"@id":"https:\/\/www.mic-hub.com\/open-mic-the-second-episode-of-the-podcast-with-mario-cucinella-is-online\/#primaryimage"},"thumbnailUrl":"https:\/\/www.mic-hub.com\/wp-content\/uploads\/2023\/04\/OpenMic-Cover-Ep02.jpg","keywords":["Podcast"],"inLanguage":"it-IT","potentialAction":[{"@type":"CommentAction","name":"Comment","target":["https:\/\/www.mic-hub.com\/open-mic-the-second-episode-of-the-podcast-with-mario-cucinella-is-online\/#respond"]}]},{"@type":"Person","@id":"https:\/\/www.mic-hub.com\/#\/schema\/person\/23b2e7abf81cdb24babdc07feb6835be","name":"Alessia","image":{"@type":"ImageObject","@id":"https:\/\/www.mic-hub.com\/it\/#personlogo","inLanguage":"it-IT","url":"https:\/\/secure.gravatar.com\/avatar\/f14dc2cba50883354860eb55730bfe8d682b74392348780008bd9913bbf8b74a?s=96&d=mm&r=g","contentUrl":"https:\/\/secure.gravatar.com\/avatar\/f14dc2cba50883354860eb55730bfe8d682b74392348780008bd9913bbf8b74a?s=96&d=mm&r=g","caption":"Alessia"}}]}},"meta_box":{"MICHUB_gallery":[{"MICHUB_image":"3321"},{"MICHUB_image":"3322","MICHUB_caption":"Federico Parolotto e Mario Cucinella (Photo Giovanni De Sandre)"}],"MICHUB_content":"<p>Siamo entusiasti di presentare la seconda puntata di Open MIC - Architects, Cities and Mobility con Federico Parolotto e l\u2019ospite di oggi Mario Cucinella, MCA \u2013 Mario Cucinella Architects.<\/p> \r\n\r\n&nbsp;\r\n\r\n<p>Ep 02 &gt; Mario Cucinella, un viaggio tra il passato e il futuro delle citt\u00e0 e della mobilit\u00e0<\/p> \r\n<p>Con Mario Cucinella affrontiamo un viaggio che parte dall\u2019architettura primordiale e materica, passando per l\u2019importanza dell\u2019influenza degli edifici sull\u2019intorno urbano, per arrivare alle necessit\u00e0 della rete di piccoli comuni diffusi sul territorio italiano, analizzate durante la Biennale 2018, e alle future sfide che dovremo affrontare per ridurre il traffico motorizzato nelle nostre citt\u00e0.<\/p> \r\n\r\n&nbsp;\r\n\r\n<p>Open MIC \u00e8 il podcast di MIC-HUB che parla di mobilit\u00e0, infrastrutture, citt\u00e0 e ambiente.<\/p> \r\n<p>Open MIC \u00e8 un dialogo tra il professionale e il personale con i protagonisti che operano nelle nostre realt\u00e0 urbane.<\/p>\r\n<p>Architects, Cities and Mobility, la prima stagione di Open MIC, \u00e8 il filone dedicato al dialogo con alcuni architetti, partner storici di MIC-HUB e che si snoda in un racconto che parte dagli esordi, sui modelli di ispirazione, per approdare a un confronto sulla propria visione progettuale e le azioni da attuare per generare un cambiamento per ripensare tutti gli spazi sia architettonici che della citt\u00e0 e della mobilit\u00e0 in chiave sostenibile.<\/p> \r\n<p>A fare da voce narrante in questo percorso \u00e8 Federico Parolotto, architetto e CEO di MIC-HUB, esperto di pianificazione urbana e mobilit\u00e0 sostenibile su scala internazionale.<\/p>\r\n\r\n&nbsp;\r\n\r\n<p>L\u2019ospite della seconda puntata \u00e8 Mario Cucinella, architetto, fondatore e direttore creativo di MCA \u2013 Mario Cucinella Architects, studio di architettura e design con sede a Bologna e Milano.<\/p> \r\n<p>Mario Cucinella \u00e8 fondatore di SOS - School of Sustainability, una scuola per giovani professionisti neolaureati che ha l\u2019obiettivo di fornire loro gli strumenti necessari per affrontare le questioni ambientali con un approccio aperto, olistico e guidato dalla ricerca. Il suo lavoro ed il continuo impegno sono stati riconosciuti con la International Fellowship del Royal Institute of British Architects e con la Honorary Fellowship dell\u2019American Institute of Architects.<\/p> \r\n<p>Tra gli argomenti che abbiamo il piacere di approfondire nel Podcast, la sua esperienza come curatore di \u201cArcipelago Italia\u201d, Padiglione Italia alla 16\u00aa Biennale di Architettura di Venezia, la mostra-progetto dedicata alle aree interne del Paese. E il volume \u201cIl futuro \u00e8 un viaggio nel passato. Dieci storie di architettura\u201d in cui offre spunti di riflessione su tematiche ambientali e sull\u2019uso razionale delle energie disponibili.<\/p> \r\n\r\n&nbsp;\r\n\r\n<p>L\u2019episodio \u00e8 disponibile dal 27 aprile su Spotify, Spreaker e sulle principali piattaforme di ascolto.<\/p>\r\n\r\n[embed]https:\/\/open.spotify.com\/episode\/6tCgb2WAXZGC31o6NeFcjS[\/embed]","MICHUB_claim":"Ascolta la seconda puntata di Architects, Cities and Mobility con Mario Cucinella!\r\nArchitects, Cities and Mobility \u00e8 la prima stagione di Open MIC, il podcast di MIC-HUB che parla di mobilit\u00e0, infrastrutture, citt\u00e0 e ambiente.","MICHUB_link_text":"Open MIC - Architects, Cities and Mobility","MICHUB_link":"https:\/\/www.spreaker.com\/show\/open-mic-architects-cities-and-mobility","MICHUB_attachments_it":[],"MICHUB_attachments_en":[]},"_links":{"self":[{"href":"https:\/\/www.mic-hub.com\/it\/wp-json\/wp\/v2\/posts\/3319","targetHints":{"allow":["GET"]}}],"collection":[{"href":"https:\/\/www.mic-hub.com\/it\/wp-json\/wp\/v2\/posts"}],"about":[{"href":"https:\/\/www.mic-hub.com\/it\/wp-json\/wp\/v2\/types\/post"}],"author":[{"embeddable":true,"href":"https:\/\/www.mic-hub.com\/it\/wp-json\/wp\/v2\/users\/2"}],"replies":[{"embeddable":true,"href":"https:\/\/www.mic-hub.com\/it\/wp-json\/wp\/v2\/comments?post=3319"}],"version-history":[{"count":1,"href":"https:\/\/www.mic-hub.com\/it\/wp-json\/wp\/v2\/posts\/3319\/revisions"}],"predecessor-version":[{"id":3320,"href":"https:\/\/www.mic-hub.com\/it\/wp-json\/wp\/v2\/posts\/3319\/revisions\/3320"}],"wp:featuredmedia":[{"embeddable":true,"href":"https:\/\/www.mic-hub.com\/it\/wp-json\/wp\/v2\/media\/3321"}],"wp:attachment":[{"href":"https:\/\/www.mic-hub.com\/it\/wp-json\/wp\/v2\/media?parent=3319"}],"wp:term":[{"taxonomy":"post_tag","embeddable":true,"href":"https:\/\/www.mic-hub.com\/it\/wp-json\/wp\/v2\/tags?post=3319"}],"curies":[{"name":"wp","href":"https:\/\/api.w.org\/{rel}","templated":true}]}}