

{"id":3368,"date":"2023-05-17T16:06:22","date_gmt":"2023-05-17T15:06:22","guid":{"rendered":"https:\/\/www.mic-hub.com\/?p=3368"},"modified":"2023-05-17T16:07:19","modified_gmt":"2023-05-17T15:07:19","slug":"mic-hub-at-the-conference-about-micro-mobility-lugano","status":"publish","type":"post","link":"https:\/\/www.mic-hub.com\/it\/mic-hub-at-the-conference-about-micro-mobility-lugano\/","title":{"rendered":"MIC-HUB alla conferenza La micromobilit\u00e0 per tutti, Lugano"},"content":{"rendered":"","protected":false},"excerpt":{"rendered":"","protected":false},"author":2,"featured_media":3371,"comment_status":"open","ping_status":"open","sticky":false,"template":"","format":"standard","meta":{"footnotes":""},"tags":[40],"class_list":["post-3368","post","type-post","status-publish","format-standard","has-post-thumbnail","hentry","tag-conferences"],"yoast_head":"<!-- This site is optimized with the Yoast SEO plugin v18.2 - https:\/\/yoast.com\/wordpress\/plugins\/seo\/ -->\n<meta name=\"description\" content=\"Vi aspettiamo marted\u00ec 23 Maggio dalle ore 17:30 presso Aula polivamente Campus Est USI-SUPSI, Lugano\" \/>\n<meta name=\"robots\" content=\"index, follow, max-snippet:-1, max-image-preview:large, max-video-preview:-1\" \/>\n<link rel=\"canonical\" href=\"https:\/\/www.mic-hub.com\/it\/mic-hub-at-the-conference-about-micro-mobility-lugano\/\" \/>\n<meta property=\"og:locale\" content=\"it_IT\" \/>\n<meta property=\"og:type\" content=\"article\" \/>\n<meta property=\"og:title\" content=\"MIC-HUB alla conferenza La micromobilit\u00e0 per tutti, Lugano\" \/>\n<meta property=\"og:description\" content=\"Vi aspettiamo marted\u00ec 23 Maggio dalle ore 17:30 presso Aula polivamente Campus Est USI-SUPSI, Lugano\" \/>\n<meta property=\"og:url\" content=\"https:\/\/www.mic-hub.com\/it\/mic-hub-at-the-conference-about-micro-mobility-lugano\/\" \/>\n<meta property=\"og:site_name\" content=\"MIC-HUB\" \/>\n<meta property=\"article:published_time\" content=\"2023-05-17T15:06:22+00:00\" \/>\n<meta property=\"article:modified_time\" content=\"2023-05-17T15:07:19+00:00\" \/>\n<meta property=\"og:image\" content=\"https:\/\/www.mic-hub.com\/wp-content\/uploads\/2023\/05\/Lugano01_cover.jpg\" \/>\n\t<meta property=\"og:image:width\" content=\"1024\" \/>\n\t<meta property=\"og:image:height\" content=\"768\" \/>\n\t<meta property=\"og:image:type\" content=\"image\/jpeg\" \/>\n<meta name=\"twitter:card\" content=\"summary_large_image\" \/>\n<meta name=\"twitter:label1\" content=\"Scritto da\" \/>\n\t<meta name=\"twitter:data1\" content=\"Alessia\" \/>\n<script type=\"application\/ld+json\" class=\"yoast-schema-graph\">{\"@context\":\"https:\/\/schema.org\",\"@graph\":[{\"@type\":\"Organization\",\"@id\":\"https:\/\/www.mic-hub.com\/it\/#organization\",\"name\":\"MIC-HUB\",\"url\":\"https:\/\/www.mic-hub.com\/it\/\",\"sameAs\":[],\"logo\":{\"@type\":\"ImageObject\",\"@id\":\"https:\/\/www.mic-hub.com\/it\/#logo\",\"inLanguage\":\"it-IT\",\"url\":\"https:\/\/www.mic-hub.com\/wp-content\/uploads\/2022\/03\/mic-hub_logo_1200x628.jpg\",\"contentUrl\":\"https:\/\/www.mic-hub.com\/wp-content\/uploads\/2022\/03\/mic-hub_logo_1200x628.jpg\",\"width\":1200,\"height\":628,\"caption\":\"MIC-HUB\"},\"image\":{\"@id\":\"https:\/\/www.mic-hub.com\/it\/#logo\"}},{\"@type\":\"WebSite\",\"@id\":\"https:\/\/www.mic-hub.com\/it\/#website\",\"url\":\"https:\/\/www.mic-hub.com\/it\/\",\"name\":\"MIC-HUB\",\"description\":\"Mobility Planning, Infrastructure Design, City Futures\",\"publisher\":{\"@id\":\"https:\/\/www.mic-hub.com\/it\/#organization\"},\"potentialAction\":[{\"@type\":\"SearchAction\",\"target\":{\"@type\":\"EntryPoint\",\"urlTemplate\":\"https:\/\/www.mic-hub.com\/it\/?s={search_term_string}\"},\"query-input\":\"required name=search_term_string\"}],\"inLanguage\":\"it-IT\"},{\"@type\":\"ImageObject\",\"@id\":\"https:\/\/www.mic-hub.com\/it\/mic-hub-at-the-conference-about-micro-mobility-lugano\/#primaryimage\",\"inLanguage\":\"it-IT\",\"url\":\"https:\/\/www.mic-hub.com\/wp-content\/uploads\/2023\/05\/Lugano01_cover.jpg\",\"contentUrl\":\"https:\/\/www.mic-hub.com\/wp-content\/uploads\/2023\/05\/Lugano01_cover.jpg\",\"width\":1024,\"height\":768},{\"@type\":\"WebPage\",\"@id\":\"https:\/\/www.mic-hub.com\/it\/mic-hub-at-the-conference-about-micro-mobility-lugano\/#webpage\",\"url\":\"https:\/\/www.mic-hub.com\/it\/mic-hub-at-the-conference-about-micro-mobility-lugano\/\",\"name\":\"MIC-HUB alla conferenza La micromobilit\u00e0 per tutti, Lugano\",\"isPartOf\":{\"@id\":\"https:\/\/www.mic-hub.com\/it\/#website\"},\"primaryImageOfPage\":{\"@id\":\"https:\/\/www.mic-hub.com\/it\/mic-hub-at-the-conference-about-micro-mobility-lugano\/#primaryimage\"},\"datePublished\":\"2023-05-17T15:06:22+00:00\",\"dateModified\":\"2023-05-17T15:07:19+00:00\",\"description\":\"Vi aspettiamo marted\u00ec 23 Maggio dalle ore 17:30 presso Aula polivamente Campus Est USI-SUPSI, Lugano\",\"breadcrumb\":{\"@id\":\"https:\/\/www.mic-hub.com\/it\/mic-hub-at-the-conference-about-micro-mobility-lugano\/#breadcrumb\"},\"inLanguage\":\"it-IT\",\"potentialAction\":[{\"@type\":\"ReadAction\",\"target\":[[\"https:\/\/www.mic-hub.com\/it\/mic-hub-at-the-conference-about-micro-mobility-lugano\/\"]]}]},{\"@type\":\"BreadcrumbList\",\"@id\":\"https:\/\/www.mic-hub.com\/it\/mic-hub-at-the-conference-about-micro-mobility-lugano\/#breadcrumb\",\"itemListElement\":[{\"@type\":\"ListItem\",\"position\":1,\"name\":\"MIC-HUB at the conference about Micro Mobility, Lugano\"}]},{\"@type\":\"Article\",\"@id\":\"https:\/\/www.mic-hub.com\/mic-hub-at-the-conference-about-micro-mobility-lugano\/#article\",\"isPartOf\":{\"@id\":\"https:\/\/www.mic-hub.com\/mic-hub-at-the-conference-about-micro-mobility-lugano\/#webpage\"},\"author\":{\"@id\":\"https:\/\/www.mic-hub.com\/#\/schema\/person\/23b2e7abf81cdb24babdc07feb6835be\"},\"headline\":\"MIC-HUB alla conferenza La micromobilit\u00e0 per tutti, Lugano\",\"datePublished\":\"2023-05-17T15:06:22+00:00\",\"dateModified\":\"2023-05-17T15:07:19+00:00\",\"mainEntityOfPage\":{\"@id\":\"https:\/\/www.mic-hub.com\/mic-hub-at-the-conference-about-micro-mobility-lugano\/#webpage\"},\"wordCount\":18,\"commentCount\":0,\"publisher\":{\"@id\":\"https:\/\/www.mic-hub.com\/#organization\"},\"image\":{\"@id\":\"https:\/\/www.mic-hub.com\/mic-hub-at-the-conference-about-micro-mobility-lugano\/#primaryimage\"},\"thumbnailUrl\":\"https:\/\/www.mic-hub.com\/wp-content\/uploads\/2023\/05\/Lugano01_cover.jpg\",\"keywords\":[\"Conferences\"],\"inLanguage\":\"it-IT\",\"potentialAction\":[{\"@type\":\"CommentAction\",\"name\":\"Comment\",\"target\":[\"https:\/\/www.mic-hub.com\/mic-hub-at-the-conference-about-micro-mobility-lugano\/#respond\"]}]},{\"@type\":\"Person\",\"@id\":\"https:\/\/www.mic-hub.com\/#\/schema\/person\/23b2e7abf81cdb24babdc07feb6835be\",\"name\":\"Alessia\",\"image\":{\"@type\":\"ImageObject\",\"@id\":\"https:\/\/www.mic-hub.com\/it\/#personlogo\",\"inLanguage\":\"it-IT\",\"url\":\"https:\/\/secure.gravatar.com\/avatar\/f14dc2cba50883354860eb55730bfe8d682b74392348780008bd9913bbf8b74a?s=96&d=mm&r=g\",\"contentUrl\":\"https:\/\/secure.gravatar.com\/avatar\/f14dc2cba50883354860eb55730bfe8d682b74392348780008bd9913bbf8b74a?s=96&d=mm&r=g\",\"caption\":\"Alessia\"}}]}<\/script>\n<!-- \/ Yoast SEO plugin. -->","yoast_head_json":{"description":"Vi aspettiamo marted\u00ec 23 Maggio dalle ore 17:30 presso Aula polivamente Campus Est USI-SUPSI, Lugano","robots":{"index":"index","follow":"follow","max-snippet":"max-snippet:-1","max-image-preview":"max-image-preview:large","max-video-preview":"max-video-preview:-1"},"canonical":"https:\/\/www.mic-hub.com\/it\/mic-hub-at-the-conference-about-micro-mobility-lugano\/","og_locale":"it_IT","og_type":"article","og_title":"MIC-HUB alla conferenza La micromobilit\u00e0 per tutti, Lugano","og_description":"Vi aspettiamo marted\u00ec 23 Maggio dalle ore 17:30 presso Aula polivamente Campus Est USI-SUPSI, Lugano","og_url":"https:\/\/www.mic-hub.com\/it\/mic-hub-at-the-conference-about-micro-mobility-lugano\/","og_site_name":"MIC-HUB","article_published_time":"2023-05-17T15:06:22+00:00","article_modified_time":"2023-05-17T15:07:19+00:00","og_image":[{"width":1024,"height":768,"url":"https:\/\/www.mic-hub.com\/wp-content\/uploads\/2023\/05\/Lugano01_cover.jpg","type":"image\/jpeg"}],"twitter_card":"summary_large_image","twitter_misc":{"Scritto da":"Alessia"},"schema":{"@context":"https:\/\/schema.org","@graph":[{"@type":"Organization","@id":"https:\/\/www.mic-hub.com\/it\/#organization","name":"MIC-HUB","url":"https:\/\/www.mic-hub.com\/it\/","sameAs":[],"logo":{"@type":"ImageObject","@id":"https:\/\/www.mic-hub.com\/it\/#logo","inLanguage":"it-IT","url":"https:\/\/www.mic-hub.com\/wp-content\/uploads\/2022\/03\/mic-hub_logo_1200x628.jpg","contentUrl":"https:\/\/www.mic-hub.com\/wp-content\/uploads\/2022\/03\/mic-hub_logo_1200x628.jpg","width":1200,"height":628,"caption":"MIC-HUB"},"image":{"@id":"https:\/\/www.mic-hub.com\/it\/#logo"}},{"@type":"WebSite","@id":"https:\/\/www.mic-hub.com\/it\/#website","url":"https:\/\/www.mic-hub.com\/it\/","name":"MIC-HUB","description":"Mobility Planning, Infrastructure Design, City Futures","publisher":{"@id":"https:\/\/www.mic-hub.com\/it\/#organization"},"potentialAction":[{"@type":"SearchAction","target":{"@type":"EntryPoint","urlTemplate":"https:\/\/www.mic-hub.com\/it\/?s={search_term_string}"},"query-input":"required name=search_term_string"}],"inLanguage":"it-IT"},{"@type":"ImageObject","@id":"https:\/\/www.mic-hub.com\/it\/mic-hub-at-the-conference-about-micro-mobility-lugano\/#primaryimage","inLanguage":"it-IT","url":"https:\/\/www.mic-hub.com\/wp-content\/uploads\/2023\/05\/Lugano01_cover.jpg","contentUrl":"https:\/\/www.mic-hub.com\/wp-content\/uploads\/2023\/05\/Lugano01_cover.jpg","width":1024,"height":768},{"@type":"WebPage","@id":"https:\/\/www.mic-hub.com\/it\/mic-hub-at-the-conference-about-micro-mobility-lugano\/#webpage","url":"https:\/\/www.mic-hub.com\/it\/mic-hub-at-the-conference-about-micro-mobility-lugano\/","name":"MIC-HUB alla conferenza La micromobilit\u00e0 per tutti, Lugano","isPartOf":{"@id":"https:\/\/www.mic-hub.com\/it\/#website"},"primaryImageOfPage":{"@id":"https:\/\/www.mic-hub.com\/it\/mic-hub-at-the-conference-about-micro-mobility-lugano\/#primaryimage"},"datePublished":"2023-05-17T15:06:22+00:00","dateModified":"2023-05-17T15:07:19+00:00","description":"Vi aspettiamo marted\u00ec 23 Maggio dalle ore 17:30 presso Aula polivamente Campus Est USI-SUPSI, Lugano","breadcrumb":{"@id":"https:\/\/www.mic-hub.com\/it\/mic-hub-at-the-conference-about-micro-mobility-lugano\/#breadcrumb"},"inLanguage":"it-IT","potentialAction":[{"@type":"ReadAction","target":[["https:\/\/www.mic-hub.com\/it\/mic-hub-at-the-conference-about-micro-mobility-lugano\/"]]}]},{"@type":"BreadcrumbList","@id":"https:\/\/www.mic-hub.com\/it\/mic-hub-at-the-conference-about-micro-mobility-lugano\/#breadcrumb","itemListElement":[{"@type":"ListItem","position":1,"name":"MIC-HUB at the conference about Micro Mobility, Lugano"}]},{"@type":"Article","@id":"https:\/\/www.mic-hub.com\/mic-hub-at-the-conference-about-micro-mobility-lugano\/#article","isPartOf":{"@id":"https:\/\/www.mic-hub.com\/mic-hub-at-the-conference-about-micro-mobility-lugano\/#webpage"},"author":{"@id":"https:\/\/www.mic-hub.com\/#\/schema\/person\/23b2e7abf81cdb24babdc07feb6835be"},"headline":"MIC-HUB alla conferenza La micromobilit\u00e0 per tutti, Lugano","datePublished":"2023-05-17T15:06:22+00:00","dateModified":"2023-05-17T15:07:19+00:00","mainEntityOfPage":{"@id":"https:\/\/www.mic-hub.com\/mic-hub-at-the-conference-about-micro-mobility-lugano\/#webpage"},"wordCount":18,"commentCount":0,"publisher":{"@id":"https:\/\/www.mic-hub.com\/#organization"},"image":{"@id":"https:\/\/www.mic-hub.com\/mic-hub-at-the-conference-about-micro-mobility-lugano\/#primaryimage"},"thumbnailUrl":"https:\/\/www.mic-hub.com\/wp-content\/uploads\/2023\/05\/Lugano01_cover.jpg","keywords":["Conferences"],"inLanguage":"it-IT","potentialAction":[{"@type":"CommentAction","name":"Comment","target":["https:\/\/www.mic-hub.com\/mic-hub-at-the-conference-about-micro-mobility-lugano\/#respond"]}]},{"@type":"Person","@id":"https:\/\/www.mic-hub.com\/#\/schema\/person\/23b2e7abf81cdb24babdc07feb6835be","name":"Alessia","image":{"@type":"ImageObject","@id":"https:\/\/www.mic-hub.com\/it\/#personlogo","inLanguage":"it-IT","url":"https:\/\/secure.gravatar.com\/avatar\/f14dc2cba50883354860eb55730bfe8d682b74392348780008bd9913bbf8b74a?s=96&d=mm&r=g","contentUrl":"https:\/\/secure.gravatar.com\/avatar\/f14dc2cba50883354860eb55730bfe8d682b74392348780008bd9913bbf8b74a?s=96&d=mm&r=g","caption":"Alessia"}}]}},"meta_box":{"MICHUB_gallery":[{"MICHUB_image":"3371"},{"MICHUB_image":"3372"}],"MICHUB_content":"<p>Siamo entusiasti di partecipare a La micromobilit\u00e0 per tutti, un dibattito sulla mobilit\u00e0 sostenibile, tra inclusione, sfide e scenari futuri, che si terr\u00e0 a Lugano il 23 Maggio, un evento organizzato da Lugano Living Lab.<\/p> \r\n\r\n&nbsp;\r\n\r\n<p>Programma:<\/p> \r\n<p>Introduzione, Albedo Bettini, SUPSI<\/p>\r\n\r\n&nbsp;\r\n\r\n<p>Interventi di:<\/p>\r\n<p>- Misurare la accessibilit\u00e0 di prossimit\u00e0 e il ruolo della mobilit\u00e0 attiva. IAPI, Paola Pucci, Politecnico di Milano<\/p> \r\n<p>- Muoversi in uno spazio stretto, Federico Parolotto, MIC-HUB<\/p> \r\n<p>- La micromobilit\u00e0 a Lugano, Andrea Lorenzi, Divisione Pianificazione, Ambiente e Mobilit\u00e0 - Citt\u00e0 di Lugano<\/p> \r\n\r\n&nbsp;\r\n\r\n<p>A seguire tavola rotonda con domande dal pubblico moderata da Albedo Bettini, con:<\/p> \r\n<p>Paola Pucci, PoliMi; Federico Parolotto, MIC-HUB;  Andrea Lorenzi, Divisione Pianificazione, Ambiente e Mobilit\u00e0 - Citt\u00e0 di Lugano.<\/p> \r\n\r\n&nbsp;\r\n\r\n<p>L'evento \"La micromobilit\u00e0 per tutti\" \u00e8 un'iniziativa parte del progetto InclusiveMicromob finanziato dall'Ufficio Federale dello Sviluppo Territoriale (ARE).<\/p>","MICHUB_claim":"Vi aspettiamo marted\u00ec 23 Maggio dalle ore 17:30 presso Aula polivamente Campus Est USI-SUPSI, Lugano","MICHUB_link_text":"More info","MICHUB_link":"https:\/\/luganolivinglab.ch\/it\/event\/la-micromobilita-per-tutti","MICHUB_attachments_it":[],"MICHUB_attachments_en":[]},"_links":{"self":[{"href":"https:\/\/www.mic-hub.com\/it\/wp-json\/wp\/v2\/posts\/3368","targetHints":{"allow":["GET"]}}],"collection":[{"href":"https:\/\/www.mic-hub.com\/it\/wp-json\/wp\/v2\/posts"}],"about":[{"href":"https:\/\/www.mic-hub.com\/it\/wp-json\/wp\/v2\/types\/post"}],"author":[{"embeddable":true,"href":"https:\/\/www.mic-hub.com\/it\/wp-json\/wp\/v2\/users\/2"}],"replies":[{"embeddable":true,"href":"https:\/\/www.mic-hub.com\/it\/wp-json\/wp\/v2\/comments?post=3368"}],"version-history":[{"count":2,"href":"https:\/\/www.mic-hub.com\/it\/wp-json\/wp\/v2\/posts\/3368\/revisions"}],"predecessor-version":[{"id":3370,"href":"https:\/\/www.mic-hub.com\/it\/wp-json\/wp\/v2\/posts\/3368\/revisions\/3370"}],"wp:featuredmedia":[{"embeddable":true,"href":"https:\/\/www.mic-hub.com\/it\/wp-json\/wp\/v2\/media\/3371"}],"wp:attachment":[{"href":"https:\/\/www.mic-hub.com\/it\/wp-json\/wp\/v2\/media?parent=3368"}],"wp:term":[{"taxonomy":"post_tag","embeddable":true,"href":"https:\/\/www.mic-hub.com\/it\/wp-json\/wp\/v2\/tags?post=3368"}],"curies":[{"name":"wp","href":"https:\/\/api.w.org\/{rel}","templated":true}]}}