

{"id":3402,"date":"2023-06-08T15:52:53","date_gmt":"2023-06-08T14:52:53","guid":{"rendered":"https:\/\/www.mic-hub.com\/?p=3402"},"modified":"2023-06-08T15:52:53","modified_gmt":"2023-06-08T14:52:53","slug":"open-mic-the-new-episode-of-the-podcast-with-alfonso-femia-is-now-available-online","status":"publish","type":"post","link":"https:\/\/www.mic-hub.com\/it\/open-mic-the-new-episode-of-the-podcast-with-alfonso-femia-is-now-available-online\/","title":{"rendered":"Open MIC: \u00e8 online il nuovo episodio del podcast con Alfonso Femia"},"content":{"rendered":"","protected":false},"excerpt":{"rendered":"","protected":false},"author":2,"featured_media":3439,"comment_status":"open","ping_status":"open","sticky":false,"template":"","format":"standard","meta":{"footnotes":""},"tags":[18],"class_list":["post-3402","post","type-post","status-publish","format-standard","has-post-thumbnail","hentry","tag-podcast"],"yoast_head":"<!-- This site is optimized with the Yoast SEO plugin v18.2 - https:\/\/yoast.com\/wordpress\/plugins\/seo\/ -->\n<meta name=\"description\" content=\"Ascolta la settima puntata di Architects, Cities and Mobility con Alfonso Femia! Architects, Cities and Mobility \u00e8 la prima stagione di Open MIC, il podcast di MIC-HUB che parla di mobilit\u00e0, infrastrutture, citt\u00e0 e ambiente.\" \/>\n<meta name=\"robots\" content=\"index, follow, max-snippet:-1, max-image-preview:large, max-video-preview:-1\" \/>\n<link rel=\"canonical\" href=\"https:\/\/www.mic-hub.com\/it\/open-mic-the-new-episode-of-the-podcast-with-alfonso-femia-is-now-available-online\/\" \/>\n<meta property=\"og:locale\" content=\"it_IT\" \/>\n<meta property=\"og:type\" content=\"article\" \/>\n<meta property=\"og:title\" content=\"Open MIC: \u00e8 online il nuovo episodio del podcast con Alfonso Femia\" \/>\n<meta property=\"og:description\" content=\"Ascolta la settima puntata di Architects, Cities and Mobility con Alfonso Femia! Architects, Cities and Mobility \u00e8 la prima stagione di Open MIC, il podcast di MIC-HUB che parla di mobilit\u00e0, infrastrutture, citt\u00e0 e ambiente.\" \/>\n<meta property=\"og:url\" content=\"https:\/\/www.mic-hub.com\/it\/open-mic-the-new-episode-of-the-podcast-with-alfonso-femia-is-now-available-online\/\" \/>\n<meta property=\"og:site_name\" content=\"MIC-HUB\" \/>\n<meta property=\"article:published_time\" content=\"2023-06-08T14:52:53+00:00\" \/>\n<meta property=\"og:image\" content=\"https:\/\/www.mic-hub.com\/wp-content\/uploads\/2023\/06\/OpenMic-Cover-Ep07.jpg\" \/>\n\t<meta property=\"og:image:width\" content=\"1024\" \/>\n\t<meta property=\"og:image:height\" content=\"768\" \/>\n\t<meta property=\"og:image:type\" content=\"image\/jpeg\" \/>\n<meta name=\"twitter:card\" content=\"summary_large_image\" \/>\n<meta name=\"twitter:label1\" content=\"Scritto da\" \/>\n\t<meta name=\"twitter:data1\" content=\"Alessia\" \/>\n<script type=\"application\/ld+json\" class=\"yoast-schema-graph\">{\"@context\":\"https:\/\/schema.org\",\"@graph\":[{\"@type\":\"Organization\",\"@id\":\"https:\/\/www.mic-hub.com\/it\/#organization\",\"name\":\"MIC-HUB\",\"url\":\"https:\/\/www.mic-hub.com\/it\/\",\"sameAs\":[],\"logo\":{\"@type\":\"ImageObject\",\"@id\":\"https:\/\/www.mic-hub.com\/it\/#logo\",\"inLanguage\":\"it-IT\",\"url\":\"https:\/\/www.mic-hub.com\/wp-content\/uploads\/2022\/03\/mic-hub_logo_1200x628.jpg\",\"contentUrl\":\"https:\/\/www.mic-hub.com\/wp-content\/uploads\/2022\/03\/mic-hub_logo_1200x628.jpg\",\"width\":1200,\"height\":628,\"caption\":\"MIC-HUB\"},\"image\":{\"@id\":\"https:\/\/www.mic-hub.com\/it\/#logo\"}},{\"@type\":\"WebSite\",\"@id\":\"https:\/\/www.mic-hub.com\/it\/#website\",\"url\":\"https:\/\/www.mic-hub.com\/it\/\",\"name\":\"MIC-HUB\",\"description\":\"Mobility Planning, Infrastructure Design, City Futures\",\"publisher\":{\"@id\":\"https:\/\/www.mic-hub.com\/it\/#organization\"},\"potentialAction\":[{\"@type\":\"SearchAction\",\"target\":{\"@type\":\"EntryPoint\",\"urlTemplate\":\"https:\/\/www.mic-hub.com\/it\/?s={search_term_string}\"},\"query-input\":\"required name=search_term_string\"}],\"inLanguage\":\"it-IT\"},{\"@type\":\"ImageObject\",\"@id\":\"https:\/\/www.mic-hub.com\/it\/open-mic-the-new-episode-of-the-podcast-with-alfonso-femia-is-now-available-online\/#primaryimage\",\"inLanguage\":\"it-IT\",\"url\":\"https:\/\/www.mic-hub.com\/wp-content\/uploads\/2023\/06\/OpenMic-Cover-Ep07.jpg\",\"contentUrl\":\"https:\/\/www.mic-hub.com\/wp-content\/uploads\/2023\/06\/OpenMic-Cover-Ep07.jpg\",\"width\":1024,\"height\":768},{\"@type\":\"WebPage\",\"@id\":\"https:\/\/www.mic-hub.com\/it\/open-mic-the-new-episode-of-the-podcast-with-alfonso-femia-is-now-available-online\/#webpage\",\"url\":\"https:\/\/www.mic-hub.com\/it\/open-mic-the-new-episode-of-the-podcast-with-alfonso-femia-is-now-available-online\/\",\"name\":\"Open MIC: \u00e8 online il nuovo episodio del podcast con Alfonso Femia\",\"isPartOf\":{\"@id\":\"https:\/\/www.mic-hub.com\/it\/#website\"},\"primaryImageOfPage\":{\"@id\":\"https:\/\/www.mic-hub.com\/it\/open-mic-the-new-episode-of-the-podcast-with-alfonso-femia-is-now-available-online\/#primaryimage\"},\"datePublished\":\"2023-06-08T14:52:53+00:00\",\"dateModified\":\"2023-06-08T14:52:53+00:00\",\"description\":\"Ascolta la settima puntata di Architects, Cities and Mobility con Alfonso Femia! Architects, Cities and Mobility \u00e8 la prima stagione di Open MIC, il podcast di MIC-HUB che parla di mobilit\u00e0, infrastrutture, citt\u00e0 e ambiente.\",\"breadcrumb\":{\"@id\":\"https:\/\/www.mic-hub.com\/it\/open-mic-the-new-episode-of-the-podcast-with-alfonso-femia-is-now-available-online\/#breadcrumb\"},\"inLanguage\":\"it-IT\",\"potentialAction\":[{\"@type\":\"ReadAction\",\"target\":[[\"https:\/\/www.mic-hub.com\/it\/open-mic-the-new-episode-of-the-podcast-with-alfonso-femia-is-now-available-online\/\"]]}]},{\"@type\":\"BreadcrumbList\",\"@id\":\"https:\/\/www.mic-hub.com\/it\/open-mic-the-new-episode-of-the-podcast-with-alfonso-femia-is-now-available-online\/#breadcrumb\",\"itemListElement\":[{\"@type\":\"ListItem\",\"position\":1,\"name\":\"Open MIC: the new episode of the podcast with Alfonso Femia is now available online\"}]},{\"@type\":\"Article\",\"@id\":\"https:\/\/www.mic-hub.com\/open-mic-the-new-episode-of-the-podcast-with-alfonso-femia-is-now-available-online\/#article\",\"isPartOf\":{\"@id\":\"https:\/\/www.mic-hub.com\/open-mic-the-new-episode-of-the-podcast-with-alfonso-femia-is-now-available-online\/#webpage\"},\"author\":{\"@id\":\"https:\/\/www.mic-hub.com\/#\/schema\/person\/23b2e7abf81cdb24babdc07feb6835be\"},\"headline\":\"Open MIC: \u00e8 online il nuovo episodio del podcast con Alfonso Femia\",\"datePublished\":\"2023-06-08T14:52:53+00:00\",\"dateModified\":\"2023-06-08T14:52:53+00:00\",\"mainEntityOfPage\":{\"@id\":\"https:\/\/www.mic-hub.com\/open-mic-the-new-episode-of-the-podcast-with-alfonso-femia-is-now-available-online\/#webpage\"},\"wordCount\":28,\"commentCount\":0,\"publisher\":{\"@id\":\"https:\/\/www.mic-hub.com\/#organization\"},\"image\":{\"@id\":\"https:\/\/www.mic-hub.com\/open-mic-the-new-episode-of-the-podcast-with-alfonso-femia-is-now-available-online\/#primaryimage\"},\"thumbnailUrl\":\"https:\/\/www.mic-hub.com\/wp-content\/uploads\/2023\/06\/OpenMic-Cover-Ep07.jpg\",\"keywords\":[\"Podcast\"],\"inLanguage\":\"it-IT\",\"potentialAction\":[{\"@type\":\"CommentAction\",\"name\":\"Comment\",\"target\":[\"https:\/\/www.mic-hub.com\/open-mic-the-new-episode-of-the-podcast-with-alfonso-femia-is-now-available-online\/#respond\"]}]},{\"@type\":\"Person\",\"@id\":\"https:\/\/www.mic-hub.com\/#\/schema\/person\/23b2e7abf81cdb24babdc07feb6835be\",\"name\":\"Alessia\",\"image\":{\"@type\":\"ImageObject\",\"@id\":\"https:\/\/www.mic-hub.com\/it\/#personlogo\",\"inLanguage\":\"it-IT\",\"url\":\"https:\/\/secure.gravatar.com\/avatar\/f14dc2cba50883354860eb55730bfe8d682b74392348780008bd9913bbf8b74a?s=96&d=mm&r=g\",\"contentUrl\":\"https:\/\/secure.gravatar.com\/avatar\/f14dc2cba50883354860eb55730bfe8d682b74392348780008bd9913bbf8b74a?s=96&d=mm&r=g\",\"caption\":\"Alessia\"}}]}<\/script>\n<!-- \/ Yoast SEO plugin. -->","yoast_head_json":{"description":"Ascolta la settima puntata di Architects, Cities and Mobility con Alfonso Femia! Architects, Cities and Mobility \u00e8 la prima stagione di Open MIC, il podcast di MIC-HUB che parla di mobilit\u00e0, infrastrutture, citt\u00e0 e ambiente.","robots":{"index":"index","follow":"follow","max-snippet":"max-snippet:-1","max-image-preview":"max-image-preview:large","max-video-preview":"max-video-preview:-1"},"canonical":"https:\/\/www.mic-hub.com\/it\/open-mic-the-new-episode-of-the-podcast-with-alfonso-femia-is-now-available-online\/","og_locale":"it_IT","og_type":"article","og_title":"Open MIC: \u00e8 online il nuovo episodio del podcast con Alfonso Femia","og_description":"Ascolta la settima puntata di Architects, Cities and Mobility con Alfonso Femia! Architects, Cities and Mobility \u00e8 la prima stagione di Open MIC, il podcast di MIC-HUB che parla di mobilit\u00e0, infrastrutture, citt\u00e0 e ambiente.","og_url":"https:\/\/www.mic-hub.com\/it\/open-mic-the-new-episode-of-the-podcast-with-alfonso-femia-is-now-available-online\/","og_site_name":"MIC-HUB","article_published_time":"2023-06-08T14:52:53+00:00","og_image":[{"width":1024,"height":768,"url":"https:\/\/www.mic-hub.com\/wp-content\/uploads\/2023\/06\/OpenMic-Cover-Ep07.jpg","type":"image\/jpeg"}],"twitter_card":"summary_large_image","twitter_misc":{"Scritto da":"Alessia"},"schema":{"@context":"https:\/\/schema.org","@graph":[{"@type":"Organization","@id":"https:\/\/www.mic-hub.com\/it\/#organization","name":"MIC-HUB","url":"https:\/\/www.mic-hub.com\/it\/","sameAs":[],"logo":{"@type":"ImageObject","@id":"https:\/\/www.mic-hub.com\/it\/#logo","inLanguage":"it-IT","url":"https:\/\/www.mic-hub.com\/wp-content\/uploads\/2022\/03\/mic-hub_logo_1200x628.jpg","contentUrl":"https:\/\/www.mic-hub.com\/wp-content\/uploads\/2022\/03\/mic-hub_logo_1200x628.jpg","width":1200,"height":628,"caption":"MIC-HUB"},"image":{"@id":"https:\/\/www.mic-hub.com\/it\/#logo"}},{"@type":"WebSite","@id":"https:\/\/www.mic-hub.com\/it\/#website","url":"https:\/\/www.mic-hub.com\/it\/","name":"MIC-HUB","description":"Mobility Planning, Infrastructure Design, City Futures","publisher":{"@id":"https:\/\/www.mic-hub.com\/it\/#organization"},"potentialAction":[{"@type":"SearchAction","target":{"@type":"EntryPoint","urlTemplate":"https:\/\/www.mic-hub.com\/it\/?s={search_term_string}"},"query-input":"required name=search_term_string"}],"inLanguage":"it-IT"},{"@type":"ImageObject","@id":"https:\/\/www.mic-hub.com\/it\/open-mic-the-new-episode-of-the-podcast-with-alfonso-femia-is-now-available-online\/#primaryimage","inLanguage":"it-IT","url":"https:\/\/www.mic-hub.com\/wp-content\/uploads\/2023\/06\/OpenMic-Cover-Ep07.jpg","contentUrl":"https:\/\/www.mic-hub.com\/wp-content\/uploads\/2023\/06\/OpenMic-Cover-Ep07.jpg","width":1024,"height":768},{"@type":"WebPage","@id":"https:\/\/www.mic-hub.com\/it\/open-mic-the-new-episode-of-the-podcast-with-alfonso-femia-is-now-available-online\/#webpage","url":"https:\/\/www.mic-hub.com\/it\/open-mic-the-new-episode-of-the-podcast-with-alfonso-femia-is-now-available-online\/","name":"Open MIC: \u00e8 online il nuovo episodio del podcast con Alfonso Femia","isPartOf":{"@id":"https:\/\/www.mic-hub.com\/it\/#website"},"primaryImageOfPage":{"@id":"https:\/\/www.mic-hub.com\/it\/open-mic-the-new-episode-of-the-podcast-with-alfonso-femia-is-now-available-online\/#primaryimage"},"datePublished":"2023-06-08T14:52:53+00:00","dateModified":"2023-06-08T14:52:53+00:00","description":"Ascolta la settima puntata di Architects, Cities and Mobility con Alfonso Femia! Architects, Cities and Mobility \u00e8 la prima stagione di Open MIC, il podcast di MIC-HUB che parla di mobilit\u00e0, infrastrutture, citt\u00e0 e ambiente.","breadcrumb":{"@id":"https:\/\/www.mic-hub.com\/it\/open-mic-the-new-episode-of-the-podcast-with-alfonso-femia-is-now-available-online\/#breadcrumb"},"inLanguage":"it-IT","potentialAction":[{"@type":"ReadAction","target":[["https:\/\/www.mic-hub.com\/it\/open-mic-the-new-episode-of-the-podcast-with-alfonso-femia-is-now-available-online\/"]]}]},{"@type":"BreadcrumbList","@id":"https:\/\/www.mic-hub.com\/it\/open-mic-the-new-episode-of-the-podcast-with-alfonso-femia-is-now-available-online\/#breadcrumb","itemListElement":[{"@type":"ListItem","position":1,"name":"Open MIC: the new episode of the podcast with Alfonso Femia is now available online"}]},{"@type":"Article","@id":"https:\/\/www.mic-hub.com\/open-mic-the-new-episode-of-the-podcast-with-alfonso-femia-is-now-available-online\/#article","isPartOf":{"@id":"https:\/\/www.mic-hub.com\/open-mic-the-new-episode-of-the-podcast-with-alfonso-femia-is-now-available-online\/#webpage"},"author":{"@id":"https:\/\/www.mic-hub.com\/#\/schema\/person\/23b2e7abf81cdb24babdc07feb6835be"},"headline":"Open MIC: \u00e8 online il nuovo episodio del podcast con Alfonso Femia","datePublished":"2023-06-08T14:52:53+00:00","dateModified":"2023-06-08T14:52:53+00:00","mainEntityOfPage":{"@id":"https:\/\/www.mic-hub.com\/open-mic-the-new-episode-of-the-podcast-with-alfonso-femia-is-now-available-online\/#webpage"},"wordCount":28,"commentCount":0,"publisher":{"@id":"https:\/\/www.mic-hub.com\/#organization"},"image":{"@id":"https:\/\/www.mic-hub.com\/open-mic-the-new-episode-of-the-podcast-with-alfonso-femia-is-now-available-online\/#primaryimage"},"thumbnailUrl":"https:\/\/www.mic-hub.com\/wp-content\/uploads\/2023\/06\/OpenMic-Cover-Ep07.jpg","keywords":["Podcast"],"inLanguage":"it-IT","potentialAction":[{"@type":"CommentAction","name":"Comment","target":["https:\/\/www.mic-hub.com\/open-mic-the-new-episode-of-the-podcast-with-alfonso-femia-is-now-available-online\/#respond"]}]},{"@type":"Person","@id":"https:\/\/www.mic-hub.com\/#\/schema\/person\/23b2e7abf81cdb24babdc07feb6835be","name":"Alessia","image":{"@type":"ImageObject","@id":"https:\/\/www.mic-hub.com\/it\/#personlogo","inLanguage":"it-IT","url":"https:\/\/secure.gravatar.com\/avatar\/f14dc2cba50883354860eb55730bfe8d682b74392348780008bd9913bbf8b74a?s=96&d=mm&r=g","contentUrl":"https:\/\/secure.gravatar.com\/avatar\/f14dc2cba50883354860eb55730bfe8d682b74392348780008bd9913bbf8b74a?s=96&d=mm&r=g","caption":"Alessia"}}]}},"meta_box":{"MICHUB_gallery":[{"MICHUB_image":"3439"},{"MICHUB_image":"3438","MICHUB_caption":"Federico Parolotto e Alfonso Femia (Photo \u00a9 Filippo Avandero)"}],"MICHUB_content":"<p>Open MIC presenta la nuova puntata di Architects, Cities and Mobility con Federico Parolotto e il nostro nuovo ospite Alfonso Femia, fondatore e presidente di Atelier(s) Alfonso Femia.<\/p> \r\n\r\n&nbsp;\r\n\r\n<p>Ep 07 &gt; Alfonso Femia, le connessioni del futuro tra citt\u00e0 e ponte sullo stretto di Messina.<\/p> \r\n<p>Con Alfonso Femia parliamo di forme urbane che permeano la natura umana attraverso gli spazi pubblici con esempi tratti da tre realt\u00e0 a confronto: Genova, Milano e Parigi, per scoprirne caratteri simili e diversi tra l\u2019area del Mediterraneo e l\u2019Europa. Per concludere con un tema tornato in primo piano: la connessione sullo Stretto di Messina, un\u2019opera divisiva tra la volont\u00e0 trasformativa e la necessit\u00e0 di relazionare il progetto alle sfide della mobilit\u00e0 e della societ\u00e0 attuale e futura.<\/p> \r\n\r\n&nbsp;\r\n\r\n<p>Open MIC \u00e8 il podcast di MIC-HUB che parla di mobilit\u00e0, infrastrutture, citt\u00e0 e ambiente.<\/p> \r\n<p>Open MIC \u00e8 un dialogo tra il professionale e il personale con i protagonisti che operano nelle nostre realt\u00e0 urbane.<\/p>\r\n<p>Architects, Cities and Mobility, la prima stagione di Open MIC, \u00e8 il filone dedicato al dialogo con alcuni architetti, partner storici di MIC-HUB e che si snoda in un racconto che parte dagli esordi, sui modelli di ispirazione, per approdare a un confronto sulla propria visione progettuale e le azioni da attuare per generare un cambiamento per ripensare tutti gli spazi sia architettonici che della citt\u00e0 e della mobilit\u00e0 in chiave sostenibile.<\/p> \r\n<p>A fare da voce narrante in questo percorso \u00e8 Federico Parolotto, architetto e CEO di MIC-HUB, esperto di pianificazione urbana e mobilit\u00e0 sostenibile su scala internazionale.<\/p>\r\n\r\n&nbsp;\r\n\r\n<p>L\u2019ospite della settima puntata \u00e8 Alfonso Femia, architetto, designer e urbanista che opera in ambito internazionale dal 1995. Alfonso \u00e8 fondatore e presidente di Atelier(s) Alfonso Femia (in precedenza denominato 5+1AA), con sede a Genova, Milano e Parigi.<\/p>\r\n<p>Tra i progetti pi\u00f9 recenti, la nuova sede di Vimar a Marostica, la Dallara Academy a Parma, la nuova sede del Gruppo BNL-BNP Paribas a Roma, LesDocks a Marseille, The Corner a Milano. Ha realizzato e sono in corso d\u2019opera numerose residenze di housing sociale, uffici ed edifici pubblici in Italia e in Francia.<\/p>\r\n<p>Nel biennio 2021\/2022 ha vinto, in Italia, il concorso per la riqualificazione e recupero della prima Zecca d\u2019Italia a Roma, per il terminal Porto Corsini a Ravenna, per la Cittadella della Cultura a Messina, per il terminal di Porto Marghera-Venezia, per l\u2019aeroporto di Salerno, Il Parco della Giustizia a Bari e all\u2019estero, i campus universitari ad Annecy e ad Avignone e complessi polifunzionali e residenziali in Francia.<\/p>\r\n<p>Alfonso \u00e8 co-fondatore di 500x100 societ\u00e0 benefit attraverso la quale sviluppa i progetti culturali e le attivit\u00e0 di ricerca. \u00c8 stato direttore della III edizione della Biennale Internazionale di Architettura di Pisa nel 2019 e ideatore e curatore della I edizione de La Biennale dello Stretto, nel 2022.<\/p>\r\n<p>Ha pubblicato numerosi saggi sui temi della citt\u00e0 e dell\u2019architettura, \u00e8 speaker in conferenze accademiche internazionali e ha vinto numerosi premi in Italia e in Francia.<\/p>\r\n\r\n&nbsp;\r\n\r\n<p>L\u2019episodio \u00e8 disponibile da gioved\u00ec 8 Giugno su Spotify, Spreaker e sulle principali piattaforme di ascolto.<\/p>\r\n\r\n[embed]https:\/\/open.spotify.com\/episode\/6yXQOp1B7qQiOSXM6k41Gg[\/embed]","MICHUB_claim":"Ascolta la settima puntata di Architects, Cities and Mobility con Alfonso Femia!\r\nArchitects, Cities and Mobility \u00e8 la prima stagione di Open MIC, il podcast di MIC-HUB che parla di mobilit\u00e0, infrastrutture, citt\u00e0 e ambiente.","MICHUB_link_text":"Open MIC - Architects, Cities and Mobility","MICHUB_link":"https:\/\/www.spreaker.com\/show\/open-mic-architects-cities-and-mobility","MICHUB_attachments_it":[],"MICHUB_attachments_en":[]},"_links":{"self":[{"href":"https:\/\/www.mic-hub.com\/it\/wp-json\/wp\/v2\/posts\/3402","targetHints":{"allow":["GET"]}}],"collection":[{"href":"https:\/\/www.mic-hub.com\/it\/wp-json\/wp\/v2\/posts"}],"about":[{"href":"https:\/\/www.mic-hub.com\/it\/wp-json\/wp\/v2\/types\/post"}],"author":[{"embeddable":true,"href":"https:\/\/www.mic-hub.com\/it\/wp-json\/wp\/v2\/users\/2"}],"replies":[{"embeddable":true,"href":"https:\/\/www.mic-hub.com\/it\/wp-json\/wp\/v2\/comments?post=3402"}],"version-history":[{"count":2,"href":"https:\/\/www.mic-hub.com\/it\/wp-json\/wp\/v2\/posts\/3402\/revisions"}],"predecessor-version":[{"id":3404,"href":"https:\/\/www.mic-hub.com\/it\/wp-json\/wp\/v2\/posts\/3402\/revisions\/3404"}],"wp:featuredmedia":[{"embeddable":true,"href":"https:\/\/www.mic-hub.com\/it\/wp-json\/wp\/v2\/media\/3439"}],"wp:attachment":[{"href":"https:\/\/www.mic-hub.com\/it\/wp-json\/wp\/v2\/media?parent=3402"}],"wp:term":[{"taxonomy":"post_tag","embeddable":true,"href":"https:\/\/www.mic-hub.com\/it\/wp-json\/wp\/v2\/tags?post=3402"}],"curies":[{"name":"wp","href":"https:\/\/api.w.org\/{rel}","templated":true}]}}