

{"id":3541,"date":"2023-09-15T10:58:05","date_gmt":"2023-09-15T09:58:05","guid":{"rendered":"https:\/\/www.mic-hub.com\/?p=3541"},"modified":"2023-10-16T10:54:45","modified_gmt":"2023-10-16T09:54:45","slug":"mic-hub-conduce-il-ciclo-di-incontri-mantova-mobility-management","status":"publish","type":"post","link":"https:\/\/www.mic-hub.com\/it\/mic-hub-conduce-il-ciclo-di-incontri-mantova-mobility-management\/","title":{"rendered":"MIC-HUB conduce il ciclo di incontri Mantova Mobility Management"},"content":{"rendered":"","protected":false},"excerpt":{"rendered":"","protected":false},"author":2,"featured_media":3696,"comment_status":"open","ping_status":"open","sticky":false,"template":"","format":"standard","meta":{"footnotes":""},"tags":[40],"class_list":["post-3541","post","type-post","status-publish","format-standard","has-post-thumbnail","hentry","tag-conferences"],"yoast_head":"<!-- This site is optimized with the Yoast SEO plugin v18.2 - https:\/\/yoast.com\/wordpress\/plugins\/seo\/ -->\n<meta name=\"description\" content=\"Grazie al Comune di Mantova per l\u2019invito e la possibilit\u00e0 di continuare la proficua collaborazione iniziata con lo sviluppo del Piano Urbano della Mobilit\u00e0 Sostenibile (PUMS) della citt\u00e0.\" \/>\n<meta name=\"robots\" content=\"index, follow, max-snippet:-1, max-image-preview:large, max-video-preview:-1\" \/>\n<link rel=\"canonical\" href=\"https:\/\/www.mic-hub.com\/it\/mic-hub-conduce-il-ciclo-di-incontri-mantova-mobility-management\/\" \/>\n<meta property=\"og:locale\" content=\"it_IT\" \/>\n<meta property=\"og:type\" content=\"article\" \/>\n<meta property=\"og:title\" content=\"MIC-HUB conduce il ciclo di incontri Mantova Mobility Management\" \/>\n<meta property=\"og:description\" content=\"Grazie al Comune di Mantova per l\u2019invito e la possibilit\u00e0 di continuare la proficua collaborazione iniziata con lo sviluppo del Piano Urbano della Mobilit\u00e0 Sostenibile (PUMS) della citt\u00e0.\" \/>\n<meta property=\"og:url\" content=\"https:\/\/www.mic-hub.com\/it\/mic-hub-conduce-il-ciclo-di-incontri-mantova-mobility-management\/\" \/>\n<meta property=\"og:site_name\" content=\"MIC-HUB\" \/>\n<meta property=\"article:published_time\" content=\"2023-09-15T09:58:05+00:00\" \/>\n<meta property=\"article:modified_time\" content=\"2023-10-16T09:54:45+00:00\" \/>\n<meta property=\"og:image\" content=\"https:\/\/www.mic-hub.com\/wp-content\/uploads\/2023\/09\/Mantova_cover_ok.jpg\" \/>\n\t<meta property=\"og:image:width\" content=\"1024\" \/>\n\t<meta property=\"og:image:height\" content=\"768\" \/>\n\t<meta property=\"og:image:type\" content=\"image\/jpeg\" \/>\n<meta name=\"twitter:card\" content=\"summary_large_image\" \/>\n<meta name=\"twitter:label1\" content=\"Scritto da\" \/>\n\t<meta name=\"twitter:data1\" content=\"Alessia\" \/>\n<script type=\"application\/ld+json\" class=\"yoast-schema-graph\">{\"@context\":\"https:\/\/schema.org\",\"@graph\":[{\"@type\":\"Organization\",\"@id\":\"https:\/\/www.mic-hub.com\/it\/#organization\",\"name\":\"MIC-HUB\",\"url\":\"https:\/\/www.mic-hub.com\/it\/\",\"sameAs\":[],\"logo\":{\"@type\":\"ImageObject\",\"@id\":\"https:\/\/www.mic-hub.com\/it\/#logo\",\"inLanguage\":\"it-IT\",\"url\":\"https:\/\/www.mic-hub.com\/wp-content\/uploads\/2022\/03\/mic-hub_logo_1200x628.jpg\",\"contentUrl\":\"https:\/\/www.mic-hub.com\/wp-content\/uploads\/2022\/03\/mic-hub_logo_1200x628.jpg\",\"width\":1200,\"height\":628,\"caption\":\"MIC-HUB\"},\"image\":{\"@id\":\"https:\/\/www.mic-hub.com\/it\/#logo\"}},{\"@type\":\"WebSite\",\"@id\":\"https:\/\/www.mic-hub.com\/it\/#website\",\"url\":\"https:\/\/www.mic-hub.com\/it\/\",\"name\":\"MIC-HUB\",\"description\":\"Mobility Planning, Infrastructure Design, City Futures\",\"publisher\":{\"@id\":\"https:\/\/www.mic-hub.com\/it\/#organization\"},\"potentialAction\":[{\"@type\":\"SearchAction\",\"target\":{\"@type\":\"EntryPoint\",\"urlTemplate\":\"https:\/\/www.mic-hub.com\/it\/?s={search_term_string}\"},\"query-input\":\"required name=search_term_string\"}],\"inLanguage\":\"it-IT\"},{\"@type\":\"ImageObject\",\"@id\":\"https:\/\/www.mic-hub.com\/it\/mic-hub-conduce-il-ciclo-di-incontri-mantova-mobility-management\/#primaryimage\",\"inLanguage\":\"it-IT\",\"url\":\"https:\/\/www.mic-hub.com\/wp-content\/uploads\/2023\/09\/Mantova_cover_ok.jpg\",\"contentUrl\":\"https:\/\/www.mic-hub.com\/wp-content\/uploads\/2023\/09\/Mantova_cover_ok.jpg\",\"width\":1024,\"height\":768},{\"@type\":\"WebPage\",\"@id\":\"https:\/\/www.mic-hub.com\/it\/mic-hub-conduce-il-ciclo-di-incontri-mantova-mobility-management\/#webpage\",\"url\":\"https:\/\/www.mic-hub.com\/it\/mic-hub-conduce-il-ciclo-di-incontri-mantova-mobility-management\/\",\"name\":\"MIC-HUB conduce il ciclo di incontri Mantova Mobility Management\",\"isPartOf\":{\"@id\":\"https:\/\/www.mic-hub.com\/it\/#website\"},\"primaryImageOfPage\":{\"@id\":\"https:\/\/www.mic-hub.com\/it\/mic-hub-conduce-il-ciclo-di-incontri-mantova-mobility-management\/#primaryimage\"},\"datePublished\":\"2023-09-15T09:58:05+00:00\",\"dateModified\":\"2023-10-16T09:54:45+00:00\",\"description\":\"Grazie al Comune di Mantova per l\u2019invito e la possibilit\u00e0 di continuare la proficua collaborazione iniziata con lo sviluppo del Piano Urbano della Mobilit\u00e0 Sostenibile (PUMS) della citt\u00e0.\",\"breadcrumb\":{\"@id\":\"https:\/\/www.mic-hub.com\/it\/mic-hub-conduce-il-ciclo-di-incontri-mantova-mobility-management\/#breadcrumb\"},\"inLanguage\":\"it-IT\",\"potentialAction\":[{\"@type\":\"ReadAction\",\"target\":[[\"https:\/\/www.mic-hub.com\/it\/mic-hub-conduce-il-ciclo-di-incontri-mantova-mobility-management\/\"]]}]},{\"@type\":\"BreadcrumbList\",\"@id\":\"https:\/\/www.mic-hub.com\/it\/mic-hub-conduce-il-ciclo-di-incontri-mantova-mobility-management\/#breadcrumb\",\"itemListElement\":[{\"@type\":\"ListItem\",\"position\":1,\"name\":\"MIC-HUB conducts the cycle of meetings about Mobility Management\"}]},{\"@type\":\"Article\",\"@id\":\"https:\/\/www.mic-hub.com\/mic-hub-conduce-il-ciclo-di-incontri-mantova-mobility-management\/#article\",\"isPartOf\":{\"@id\":\"https:\/\/www.mic-hub.com\/mic-hub-conduce-il-ciclo-di-incontri-mantova-mobility-management\/#webpage\"},\"author\":{\"@id\":\"https:\/\/www.mic-hub.com\/#\/schema\/person\/23b2e7abf81cdb24babdc07feb6835be\"},\"headline\":\"MIC-HUB conduce il ciclo di incontri Mantova Mobility Management\",\"datePublished\":\"2023-09-15T09:58:05+00:00\",\"dateModified\":\"2023-10-16T09:54:45+00:00\",\"mainEntityOfPage\":{\"@id\":\"https:\/\/www.mic-hub.com\/mic-hub-conduce-il-ciclo-di-incontri-mantova-mobility-management\/#webpage\"},\"wordCount\":20,\"commentCount\":0,\"publisher\":{\"@id\":\"https:\/\/www.mic-hub.com\/#organization\"},\"image\":{\"@id\":\"https:\/\/www.mic-hub.com\/mic-hub-conduce-il-ciclo-di-incontri-mantova-mobility-management\/#primaryimage\"},\"thumbnailUrl\":\"https:\/\/www.mic-hub.com\/wp-content\/uploads\/2023\/09\/Mantova_cover_ok.jpg\",\"keywords\":[\"Conferences\"],\"inLanguage\":\"it-IT\",\"potentialAction\":[{\"@type\":\"CommentAction\",\"name\":\"Comment\",\"target\":[\"https:\/\/www.mic-hub.com\/mic-hub-conduce-il-ciclo-di-incontri-mantova-mobility-management\/#respond\"]}]},{\"@type\":\"Person\",\"@id\":\"https:\/\/www.mic-hub.com\/#\/schema\/person\/23b2e7abf81cdb24babdc07feb6835be\",\"name\":\"Alessia\",\"image\":{\"@type\":\"ImageObject\",\"@id\":\"https:\/\/www.mic-hub.com\/it\/#personlogo\",\"inLanguage\":\"it-IT\",\"url\":\"https:\/\/secure.gravatar.com\/avatar\/f14dc2cba50883354860eb55730bfe8d682b74392348780008bd9913bbf8b74a?s=96&d=mm&r=g\",\"contentUrl\":\"https:\/\/secure.gravatar.com\/avatar\/f14dc2cba50883354860eb55730bfe8d682b74392348780008bd9913bbf8b74a?s=96&d=mm&r=g\",\"caption\":\"Alessia\"}}]}<\/script>\n<!-- \/ Yoast SEO plugin. -->","yoast_head_json":{"description":"Grazie al Comune di Mantova per l\u2019invito e la possibilit\u00e0 di continuare la proficua collaborazione iniziata con lo sviluppo del Piano Urbano della Mobilit\u00e0 Sostenibile (PUMS) della citt\u00e0.","robots":{"index":"index","follow":"follow","max-snippet":"max-snippet:-1","max-image-preview":"max-image-preview:large","max-video-preview":"max-video-preview:-1"},"canonical":"https:\/\/www.mic-hub.com\/it\/mic-hub-conduce-il-ciclo-di-incontri-mantova-mobility-management\/","og_locale":"it_IT","og_type":"article","og_title":"MIC-HUB conduce il ciclo di incontri Mantova Mobility Management","og_description":"Grazie al Comune di Mantova per l\u2019invito e la possibilit\u00e0 di continuare la proficua collaborazione iniziata con lo sviluppo del Piano Urbano della Mobilit\u00e0 Sostenibile (PUMS) della citt\u00e0.","og_url":"https:\/\/www.mic-hub.com\/it\/mic-hub-conduce-il-ciclo-di-incontri-mantova-mobility-management\/","og_site_name":"MIC-HUB","article_published_time":"2023-09-15T09:58:05+00:00","article_modified_time":"2023-10-16T09:54:45+00:00","og_image":[{"width":1024,"height":768,"url":"https:\/\/www.mic-hub.com\/wp-content\/uploads\/2023\/09\/Mantova_cover_ok.jpg","type":"image\/jpeg"}],"twitter_card":"summary_large_image","twitter_misc":{"Scritto da":"Alessia"},"schema":{"@context":"https:\/\/schema.org","@graph":[{"@type":"Organization","@id":"https:\/\/www.mic-hub.com\/it\/#organization","name":"MIC-HUB","url":"https:\/\/www.mic-hub.com\/it\/","sameAs":[],"logo":{"@type":"ImageObject","@id":"https:\/\/www.mic-hub.com\/it\/#logo","inLanguage":"it-IT","url":"https:\/\/www.mic-hub.com\/wp-content\/uploads\/2022\/03\/mic-hub_logo_1200x628.jpg","contentUrl":"https:\/\/www.mic-hub.com\/wp-content\/uploads\/2022\/03\/mic-hub_logo_1200x628.jpg","width":1200,"height":628,"caption":"MIC-HUB"},"image":{"@id":"https:\/\/www.mic-hub.com\/it\/#logo"}},{"@type":"WebSite","@id":"https:\/\/www.mic-hub.com\/it\/#website","url":"https:\/\/www.mic-hub.com\/it\/","name":"MIC-HUB","description":"Mobility Planning, Infrastructure Design, City Futures","publisher":{"@id":"https:\/\/www.mic-hub.com\/it\/#organization"},"potentialAction":[{"@type":"SearchAction","target":{"@type":"EntryPoint","urlTemplate":"https:\/\/www.mic-hub.com\/it\/?s={search_term_string}"},"query-input":"required name=search_term_string"}],"inLanguage":"it-IT"},{"@type":"ImageObject","@id":"https:\/\/www.mic-hub.com\/it\/mic-hub-conduce-il-ciclo-di-incontri-mantova-mobility-management\/#primaryimage","inLanguage":"it-IT","url":"https:\/\/www.mic-hub.com\/wp-content\/uploads\/2023\/09\/Mantova_cover_ok.jpg","contentUrl":"https:\/\/www.mic-hub.com\/wp-content\/uploads\/2023\/09\/Mantova_cover_ok.jpg","width":1024,"height":768},{"@type":"WebPage","@id":"https:\/\/www.mic-hub.com\/it\/mic-hub-conduce-il-ciclo-di-incontri-mantova-mobility-management\/#webpage","url":"https:\/\/www.mic-hub.com\/it\/mic-hub-conduce-il-ciclo-di-incontri-mantova-mobility-management\/","name":"MIC-HUB conduce il ciclo di incontri Mantova Mobility Management","isPartOf":{"@id":"https:\/\/www.mic-hub.com\/it\/#website"},"primaryImageOfPage":{"@id":"https:\/\/www.mic-hub.com\/it\/mic-hub-conduce-il-ciclo-di-incontri-mantova-mobility-management\/#primaryimage"},"datePublished":"2023-09-15T09:58:05+00:00","dateModified":"2023-10-16T09:54:45+00:00","description":"Grazie al Comune di Mantova per l\u2019invito e la possibilit\u00e0 di continuare la proficua collaborazione iniziata con lo sviluppo del Piano Urbano della Mobilit\u00e0 Sostenibile (PUMS) della citt\u00e0.","breadcrumb":{"@id":"https:\/\/www.mic-hub.com\/it\/mic-hub-conduce-il-ciclo-di-incontri-mantova-mobility-management\/#breadcrumb"},"inLanguage":"it-IT","potentialAction":[{"@type":"ReadAction","target":[["https:\/\/www.mic-hub.com\/it\/mic-hub-conduce-il-ciclo-di-incontri-mantova-mobility-management\/"]]}]},{"@type":"BreadcrumbList","@id":"https:\/\/www.mic-hub.com\/it\/mic-hub-conduce-il-ciclo-di-incontri-mantova-mobility-management\/#breadcrumb","itemListElement":[{"@type":"ListItem","position":1,"name":"MIC-HUB conducts the cycle of meetings about Mobility Management"}]},{"@type":"Article","@id":"https:\/\/www.mic-hub.com\/mic-hub-conduce-il-ciclo-di-incontri-mantova-mobility-management\/#article","isPartOf":{"@id":"https:\/\/www.mic-hub.com\/mic-hub-conduce-il-ciclo-di-incontri-mantova-mobility-management\/#webpage"},"author":{"@id":"https:\/\/www.mic-hub.com\/#\/schema\/person\/23b2e7abf81cdb24babdc07feb6835be"},"headline":"MIC-HUB conduce il ciclo di incontri Mantova Mobility Management","datePublished":"2023-09-15T09:58:05+00:00","dateModified":"2023-10-16T09:54:45+00:00","mainEntityOfPage":{"@id":"https:\/\/www.mic-hub.com\/mic-hub-conduce-il-ciclo-di-incontri-mantova-mobility-management\/#webpage"},"wordCount":20,"commentCount":0,"publisher":{"@id":"https:\/\/www.mic-hub.com\/#organization"},"image":{"@id":"https:\/\/www.mic-hub.com\/mic-hub-conduce-il-ciclo-di-incontri-mantova-mobility-management\/#primaryimage"},"thumbnailUrl":"https:\/\/www.mic-hub.com\/wp-content\/uploads\/2023\/09\/Mantova_cover_ok.jpg","keywords":["Conferences"],"inLanguage":"it-IT","potentialAction":[{"@type":"CommentAction","name":"Comment","target":["https:\/\/www.mic-hub.com\/mic-hub-conduce-il-ciclo-di-incontri-mantova-mobility-management\/#respond"]}]},{"@type":"Person","@id":"https:\/\/www.mic-hub.com\/#\/schema\/person\/23b2e7abf81cdb24babdc07feb6835be","name":"Alessia","image":{"@type":"ImageObject","@id":"https:\/\/www.mic-hub.com\/it\/#personlogo","inLanguage":"it-IT","url":"https:\/\/secure.gravatar.com\/avatar\/f14dc2cba50883354860eb55730bfe8d682b74392348780008bd9913bbf8b74a?s=96&d=mm&r=g","contentUrl":"https:\/\/secure.gravatar.com\/avatar\/f14dc2cba50883354860eb55730bfe8d682b74392348780008bd9913bbf8b74a?s=96&d=mm&r=g","caption":"Alessia"}}]}},"meta_box":{"MICHUB_gallery":[{"MICHUB_image":"3697"},{"MICHUB_image":"3549"}],"MICHUB_content":"<p>Siamo entusiasti di presentare il ciclo di incontri di formazione intitolati MANTOVA MOBILITY MANAGEMENT.<\/p> \r\n<p>Gli incontri di formazione sono organizzati dal Comune di Mantova all\u2019interno del progetto Ace3T con il patrocinio di Fondazione Cariplo e proposti dall\u2019Ordine degli Architetti, P., P. e C. della provincia di Mantova e sono l'occasione per approfondire tematiche quali il ruolo del Mobility Manager, le strategie e le buone pratiche per ridurre le emissioni tramite un mobility management applicato in contesto aziendale e scolastico.<\/p> \r\n\r\n&nbsp;\r\n\r\n<p>Il ciclo sar\u00e0 condotto da Mirko Franzoi, Mobility Planning Senior Consultant, con l'introduzione di Valentina Giacomelli, Mobility Planning Project Leader.<\/p>  \r\n\r\n&nbsp;\r\n\r\n<p>Gli incontri sono gratuiti e si terranno on-line, dalle ore 15:00 alle ore 16:30, tutti i luned\u00ec dal 18 settembre al 23 ottobre 2023.<\/p> \r\n<p>A tutti gli architetti che parteciperanno verr\u00e0 riconosciuto 1 CFP per partecipazione a singolo incontro e 9 CFP per partecipazione a tutti e sei gli incontri.<\/p>","MICHUB_claim":"Grazie al Comune di Mantova per l\u2019invito e la possibilit\u00e0 di continuare la proficua collaborazione iniziata con lo sviluppo del Piano Urbano della Mobilit\u00e0 Sostenibile (PUMS) della citt\u00e0.","MICHUB_link_text":"More info","MICHUB_link":"https:\/\/www.architettimantova.it\/mantova-mobility-management\/","MICHUB_attachments_it":[],"MICHUB_attachments_en":[]},"_links":{"self":[{"href":"https:\/\/www.mic-hub.com\/it\/wp-json\/wp\/v2\/posts\/3541","targetHints":{"allow":["GET"]}}],"collection":[{"href":"https:\/\/www.mic-hub.com\/it\/wp-json\/wp\/v2\/posts"}],"about":[{"href":"https:\/\/www.mic-hub.com\/it\/wp-json\/wp\/v2\/types\/post"}],"author":[{"embeddable":true,"href":"https:\/\/www.mic-hub.com\/it\/wp-json\/wp\/v2\/users\/2"}],"replies":[{"embeddable":true,"href":"https:\/\/www.mic-hub.com\/it\/wp-json\/wp\/v2\/comments?post=3541"}],"version-history":[{"count":4,"href":"https:\/\/www.mic-hub.com\/it\/wp-json\/wp\/v2\/posts\/3541\/revisions"}],"predecessor-version":[{"id":3555,"href":"https:\/\/www.mic-hub.com\/it\/wp-json\/wp\/v2\/posts\/3541\/revisions\/3555"}],"wp:featuredmedia":[{"embeddable":true,"href":"https:\/\/www.mic-hub.com\/it\/wp-json\/wp\/v2\/media\/3696"}],"wp:attachment":[{"href":"https:\/\/www.mic-hub.com\/it\/wp-json\/wp\/v2\/media?parent=3541"}],"wp:term":[{"taxonomy":"post_tag","embeddable":true,"href":"https:\/\/www.mic-hub.com\/it\/wp-json\/wp\/v2\/tags?post=3541"}],"curies":[{"name":"wp","href":"https:\/\/api.w.org\/{rel}","templated":true}]}}