

{"id":3712,"date":"2023-10-20T11:03:26","date_gmt":"2023-10-20T10:03:26","guid":{"rendered":"https:\/\/www.mic-hub.com\/?p=3712"},"modified":"2023-10-23T15:42:20","modified_gmt":"2023-10-23T14:42:20","slug":"mic-hub-at-the-future4cities-festival","status":"publish","type":"post","link":"https:\/\/www.mic-hub.com\/it\/mic-hub-at-the-future4cities-festival\/","title":{"rendered":"MIC-HUB al Festival Future4Cities"},"content":{"rendered":"","protected":false},"excerpt":{"rendered":"","protected":false},"author":2,"featured_media":3713,"comment_status":"open","ping_status":"open","sticky":false,"template":"","format":"standard","meta":{"footnotes":""},"tags":[40],"class_list":["post-3712","post","type-post","status-publish","format-standard","has-post-thumbnail","hentry","tag-conferences"],"yoast_head":"<!-- This site is optimized with the Yoast SEO plugin v18.2 - https:\/\/yoast.com\/wordpress\/plugins\/seo\/ -->\n<meta name=\"description\" content=\"Vi aspettiamo a BASE in Via Bergognone 34, Milano mercoled\u00ec 25 ottobre dalle 17.50 e gioved\u00ec 26 ottobre dalle 11.30 alle 13.30\" \/>\n<meta name=\"robots\" content=\"index, follow, max-snippet:-1, max-image-preview:large, max-video-preview:-1\" \/>\n<link rel=\"canonical\" href=\"https:\/\/www.mic-hub.com\/it\/mic-hub-at-the-future4cities-festival\/\" \/>\n<meta property=\"og:locale\" content=\"it_IT\" \/>\n<meta property=\"og:type\" content=\"article\" \/>\n<meta property=\"og:title\" content=\"MIC-HUB al Festival Future4Cities\" \/>\n<meta property=\"og:description\" content=\"Vi aspettiamo a BASE in Via Bergognone 34, Milano mercoled\u00ec 25 ottobre dalle 17.50 e gioved\u00ec 26 ottobre dalle 11.30 alle 13.30\" \/>\n<meta property=\"og:url\" content=\"https:\/\/www.mic-hub.com\/it\/mic-hub-at-the-future4cities-festival\/\" \/>\n<meta property=\"og:site_name\" content=\"MIC-HUB\" \/>\n<meta property=\"article:published_time\" content=\"2023-10-20T10:03:26+00:00\" \/>\n<meta property=\"article:modified_time\" content=\"2023-10-23T14:42:20+00:00\" \/>\n<meta property=\"og:image\" content=\"https:\/\/www.mic-hub.com\/wp-content\/uploads\/2023\/10\/Future4cities_cover.jpg\" \/>\n\t<meta property=\"og:image:width\" content=\"1024\" \/>\n\t<meta property=\"og:image:height\" content=\"768\" \/>\n\t<meta property=\"og:image:type\" content=\"image\/jpeg\" \/>\n<meta name=\"twitter:card\" content=\"summary_large_image\" \/>\n<meta name=\"twitter:label1\" content=\"Scritto da\" \/>\n\t<meta name=\"twitter:data1\" content=\"Alessia\" \/>\n<script type=\"application\/ld+json\" class=\"yoast-schema-graph\">{\"@context\":\"https:\/\/schema.org\",\"@graph\":[{\"@type\":\"Organization\",\"@id\":\"https:\/\/www.mic-hub.com\/it\/#organization\",\"name\":\"MIC-HUB\",\"url\":\"https:\/\/www.mic-hub.com\/it\/\",\"sameAs\":[],\"logo\":{\"@type\":\"ImageObject\",\"@id\":\"https:\/\/www.mic-hub.com\/it\/#logo\",\"inLanguage\":\"it-IT\",\"url\":\"https:\/\/www.mic-hub.com\/wp-content\/uploads\/2022\/03\/mic-hub_logo_1200x628.jpg\",\"contentUrl\":\"https:\/\/www.mic-hub.com\/wp-content\/uploads\/2022\/03\/mic-hub_logo_1200x628.jpg\",\"width\":1200,\"height\":628,\"caption\":\"MIC-HUB\"},\"image\":{\"@id\":\"https:\/\/www.mic-hub.com\/it\/#logo\"}},{\"@type\":\"WebSite\",\"@id\":\"https:\/\/www.mic-hub.com\/it\/#website\",\"url\":\"https:\/\/www.mic-hub.com\/it\/\",\"name\":\"MIC-HUB\",\"description\":\"Mobility Planning, Infrastructure Design, City Futures\",\"publisher\":{\"@id\":\"https:\/\/www.mic-hub.com\/it\/#organization\"},\"potentialAction\":[{\"@type\":\"SearchAction\",\"target\":{\"@type\":\"EntryPoint\",\"urlTemplate\":\"https:\/\/www.mic-hub.com\/it\/?s={search_term_string}\"},\"query-input\":\"required name=search_term_string\"}],\"inLanguage\":\"it-IT\"},{\"@type\":\"ImageObject\",\"@id\":\"https:\/\/www.mic-hub.com\/it\/mic-hub-at-the-future4cities-festival\/#primaryimage\",\"inLanguage\":\"it-IT\",\"url\":\"https:\/\/www.mic-hub.com\/wp-content\/uploads\/2023\/10\/Future4cities_cover.jpg\",\"contentUrl\":\"https:\/\/www.mic-hub.com\/wp-content\/uploads\/2023\/10\/Future4cities_cover.jpg\",\"width\":1024,\"height\":768},{\"@type\":\"WebPage\",\"@id\":\"https:\/\/www.mic-hub.com\/it\/mic-hub-at-the-future4cities-festival\/#webpage\",\"url\":\"https:\/\/www.mic-hub.com\/it\/mic-hub-at-the-future4cities-festival\/\",\"name\":\"MIC-HUB al Festival Future4Cities\",\"isPartOf\":{\"@id\":\"https:\/\/www.mic-hub.com\/it\/#website\"},\"primaryImageOfPage\":{\"@id\":\"https:\/\/www.mic-hub.com\/it\/mic-hub-at-the-future4cities-festival\/#primaryimage\"},\"datePublished\":\"2023-10-20T10:03:26+00:00\",\"dateModified\":\"2023-10-23T14:42:20+00:00\",\"description\":\"Vi aspettiamo a BASE in Via Bergognone 34, Milano mercoled\u00ec 25 ottobre dalle 17.50 e gioved\u00ec 26 ottobre dalle 11.30 alle 13.30\",\"breadcrumb\":{\"@id\":\"https:\/\/www.mic-hub.com\/it\/mic-hub-at-the-future4cities-festival\/#breadcrumb\"},\"inLanguage\":\"it-IT\",\"potentialAction\":[{\"@type\":\"ReadAction\",\"target\":[[\"https:\/\/www.mic-hub.com\/it\/mic-hub-at-the-future4cities-festival\/\"]]}]},{\"@type\":\"BreadcrumbList\",\"@id\":\"https:\/\/www.mic-hub.com\/it\/mic-hub-at-the-future4cities-festival\/#breadcrumb\",\"itemListElement\":[{\"@type\":\"ListItem\",\"position\":1,\"name\":\"MIC-HUB at the Future4Cities Festival\"}]},{\"@type\":\"Article\",\"@id\":\"https:\/\/www.mic-hub.com\/mic-hub-at-the-future4cities-festival\/#article\",\"isPartOf\":{\"@id\":\"https:\/\/www.mic-hub.com\/mic-hub-at-the-future4cities-festival\/#webpage\"},\"author\":{\"@id\":\"https:\/\/www.mic-hub.com\/#\/schema\/person\/23b2e7abf81cdb24babdc07feb6835be\"},\"headline\":\"MIC-HUB al Festival Future4Cities\",\"datePublished\":\"2023-10-20T10:03:26+00:00\",\"dateModified\":\"2023-10-23T14:42:20+00:00\",\"mainEntityOfPage\":{\"@id\":\"https:\/\/www.mic-hub.com\/mic-hub-at-the-future4cities-festival\/#webpage\"},\"wordCount\":13,\"commentCount\":0,\"publisher\":{\"@id\":\"https:\/\/www.mic-hub.com\/#organization\"},\"image\":{\"@id\":\"https:\/\/www.mic-hub.com\/mic-hub-at-the-future4cities-festival\/#primaryimage\"},\"thumbnailUrl\":\"https:\/\/www.mic-hub.com\/wp-content\/uploads\/2023\/10\/Future4cities_cover.jpg\",\"keywords\":[\"Conferences\"],\"inLanguage\":\"it-IT\",\"potentialAction\":[{\"@type\":\"CommentAction\",\"name\":\"Comment\",\"target\":[\"https:\/\/www.mic-hub.com\/mic-hub-at-the-future4cities-festival\/#respond\"]}]},{\"@type\":\"Person\",\"@id\":\"https:\/\/www.mic-hub.com\/#\/schema\/person\/23b2e7abf81cdb24babdc07feb6835be\",\"name\":\"Alessia\",\"image\":{\"@type\":\"ImageObject\",\"@id\":\"https:\/\/www.mic-hub.com\/it\/#personlogo\",\"inLanguage\":\"it-IT\",\"url\":\"https:\/\/secure.gravatar.com\/avatar\/f14dc2cba50883354860eb55730bfe8d682b74392348780008bd9913bbf8b74a?s=96&d=mm&r=g\",\"contentUrl\":\"https:\/\/secure.gravatar.com\/avatar\/f14dc2cba50883354860eb55730bfe8d682b74392348780008bd9913bbf8b74a?s=96&d=mm&r=g\",\"caption\":\"Alessia\"}}]}<\/script>\n<!-- \/ Yoast SEO plugin. -->","yoast_head_json":{"description":"Vi aspettiamo a BASE in Via Bergognone 34, Milano mercoled\u00ec 25 ottobre dalle 17.50 e gioved\u00ec 26 ottobre dalle 11.30 alle 13.30","robots":{"index":"index","follow":"follow","max-snippet":"max-snippet:-1","max-image-preview":"max-image-preview:large","max-video-preview":"max-video-preview:-1"},"canonical":"https:\/\/www.mic-hub.com\/it\/mic-hub-at-the-future4cities-festival\/","og_locale":"it_IT","og_type":"article","og_title":"MIC-HUB al Festival Future4Cities","og_description":"Vi aspettiamo a BASE in Via Bergognone 34, Milano mercoled\u00ec 25 ottobre dalle 17.50 e gioved\u00ec 26 ottobre dalle 11.30 alle 13.30","og_url":"https:\/\/www.mic-hub.com\/it\/mic-hub-at-the-future4cities-festival\/","og_site_name":"MIC-HUB","article_published_time":"2023-10-20T10:03:26+00:00","article_modified_time":"2023-10-23T14:42:20+00:00","og_image":[{"width":1024,"height":768,"url":"https:\/\/www.mic-hub.com\/wp-content\/uploads\/2023\/10\/Future4cities_cover.jpg","type":"image\/jpeg"}],"twitter_card":"summary_large_image","twitter_misc":{"Scritto da":"Alessia"},"schema":{"@context":"https:\/\/schema.org","@graph":[{"@type":"Organization","@id":"https:\/\/www.mic-hub.com\/it\/#organization","name":"MIC-HUB","url":"https:\/\/www.mic-hub.com\/it\/","sameAs":[],"logo":{"@type":"ImageObject","@id":"https:\/\/www.mic-hub.com\/it\/#logo","inLanguage":"it-IT","url":"https:\/\/www.mic-hub.com\/wp-content\/uploads\/2022\/03\/mic-hub_logo_1200x628.jpg","contentUrl":"https:\/\/www.mic-hub.com\/wp-content\/uploads\/2022\/03\/mic-hub_logo_1200x628.jpg","width":1200,"height":628,"caption":"MIC-HUB"},"image":{"@id":"https:\/\/www.mic-hub.com\/it\/#logo"}},{"@type":"WebSite","@id":"https:\/\/www.mic-hub.com\/it\/#website","url":"https:\/\/www.mic-hub.com\/it\/","name":"MIC-HUB","description":"Mobility Planning, Infrastructure Design, City Futures","publisher":{"@id":"https:\/\/www.mic-hub.com\/it\/#organization"},"potentialAction":[{"@type":"SearchAction","target":{"@type":"EntryPoint","urlTemplate":"https:\/\/www.mic-hub.com\/it\/?s={search_term_string}"},"query-input":"required name=search_term_string"}],"inLanguage":"it-IT"},{"@type":"ImageObject","@id":"https:\/\/www.mic-hub.com\/it\/mic-hub-at-the-future4cities-festival\/#primaryimage","inLanguage":"it-IT","url":"https:\/\/www.mic-hub.com\/wp-content\/uploads\/2023\/10\/Future4cities_cover.jpg","contentUrl":"https:\/\/www.mic-hub.com\/wp-content\/uploads\/2023\/10\/Future4cities_cover.jpg","width":1024,"height":768},{"@type":"WebPage","@id":"https:\/\/www.mic-hub.com\/it\/mic-hub-at-the-future4cities-festival\/#webpage","url":"https:\/\/www.mic-hub.com\/it\/mic-hub-at-the-future4cities-festival\/","name":"MIC-HUB al Festival Future4Cities","isPartOf":{"@id":"https:\/\/www.mic-hub.com\/it\/#website"},"primaryImageOfPage":{"@id":"https:\/\/www.mic-hub.com\/it\/mic-hub-at-the-future4cities-festival\/#primaryimage"},"datePublished":"2023-10-20T10:03:26+00:00","dateModified":"2023-10-23T14:42:20+00:00","description":"Vi aspettiamo a BASE in Via Bergognone 34, Milano mercoled\u00ec 25 ottobre dalle 17.50 e gioved\u00ec 26 ottobre dalle 11.30 alle 13.30","breadcrumb":{"@id":"https:\/\/www.mic-hub.com\/it\/mic-hub-at-the-future4cities-festival\/#breadcrumb"},"inLanguage":"it-IT","potentialAction":[{"@type":"ReadAction","target":[["https:\/\/www.mic-hub.com\/it\/mic-hub-at-the-future4cities-festival\/"]]}]},{"@type":"BreadcrumbList","@id":"https:\/\/www.mic-hub.com\/it\/mic-hub-at-the-future4cities-festival\/#breadcrumb","itemListElement":[{"@type":"ListItem","position":1,"name":"MIC-HUB at the Future4Cities Festival"}]},{"@type":"Article","@id":"https:\/\/www.mic-hub.com\/mic-hub-at-the-future4cities-festival\/#article","isPartOf":{"@id":"https:\/\/www.mic-hub.com\/mic-hub-at-the-future4cities-festival\/#webpage"},"author":{"@id":"https:\/\/www.mic-hub.com\/#\/schema\/person\/23b2e7abf81cdb24babdc07feb6835be"},"headline":"MIC-HUB al Festival Future4Cities","datePublished":"2023-10-20T10:03:26+00:00","dateModified":"2023-10-23T14:42:20+00:00","mainEntityOfPage":{"@id":"https:\/\/www.mic-hub.com\/mic-hub-at-the-future4cities-festival\/#webpage"},"wordCount":13,"commentCount":0,"publisher":{"@id":"https:\/\/www.mic-hub.com\/#organization"},"image":{"@id":"https:\/\/www.mic-hub.com\/mic-hub-at-the-future4cities-festival\/#primaryimage"},"thumbnailUrl":"https:\/\/www.mic-hub.com\/wp-content\/uploads\/2023\/10\/Future4cities_cover.jpg","keywords":["Conferences"],"inLanguage":"it-IT","potentialAction":[{"@type":"CommentAction","name":"Comment","target":["https:\/\/www.mic-hub.com\/mic-hub-at-the-future4cities-festival\/#respond"]}]},{"@type":"Person","@id":"https:\/\/www.mic-hub.com\/#\/schema\/person\/23b2e7abf81cdb24babdc07feb6835be","name":"Alessia","image":{"@type":"ImageObject","@id":"https:\/\/www.mic-hub.com\/it\/#personlogo","inLanguage":"it-IT","url":"https:\/\/secure.gravatar.com\/avatar\/f14dc2cba50883354860eb55730bfe8d682b74392348780008bd9913bbf8b74a?s=96&d=mm&r=g","contentUrl":"https:\/\/secure.gravatar.com\/avatar\/f14dc2cba50883354860eb55730bfe8d682b74392348780008bd9913bbf8b74a?s=96&d=mm&r=g","caption":"Alessia"}}]}},"meta_box":{"MICHUB_gallery":[{"MICHUB_image":"3713","MICHUB_caption":"Future4Cities Festival"},{"MICHUB_image":"3717","MICHUB_caption":"Future4Cities Festival"},{"MICHUB_image":"3720","MICHUB_caption":"Future4Cities Festival"},{"MICHUB_image":"3716","MICHUB_caption":"Future4Cities Festival"}],"MICHUB_content":"<p>Siamo entusiasti di partecipare al Festival Future4Cities che si terr\u00e0 a BASE Milano il 25 e 26 Ottobre.<\/p>\r\n<p>Future4Cities \u00e8 il festival dedicato alla ricerca sulla citt\u00e0, la mobilit\u00e0. l'ambiente, le comunit\u00e0, l'innovazione, la rigenerazione urbana e lo sviluppo economico locale.<\/p>\r\n\r\n&nbsp;\r\n\r\n<p>MIC-HUB \u00e8 il protagonista di due eventi:<\/p>\r\n\r\n&nbsp;\r\n\r\n<p>\u2022\tCitt\u00e0 da immaginare | Common - Voci a Confronto: il Nodo della Mobilit\u00e0 con Federico Parolotto, CEO di MIC-HUB e Francesco Luccisano, Head of External Relations di IP, il talk sar\u00e0 moderato da Luna Luciana Esposito, Content Creator di Will Media, mercoled\u00ec 25 ottobre dalle 17.50.<\/p>\r\n\r\n&nbsp;\r\n\r\n<p>\u2022\tCitt\u00e0 da progettare | Workshop \"Citt\u00e0 Arcipelago\": organizzato da Studio Boeri Architetti e MIC-HUB per condividere pratiche, esperienze e strumenti innovativi di city-making, gioved\u00ec 26 ottobre dalle 11.30 alle 13.30.<\/p>\r\n\r\n&nbsp;\r\n\r\n<p>Il modello di Citt\u00e0 Arcipelago legge le citt\u00e0, agendo sui diversi livelli che la compongono in modo strategico. Passando dalla mobilit\u00e0 all'energia, dall'identit\u00e0 al territorio, delle infrastrutture al paesaggio. I relatori del workshop saranno Maria Chiara Pastore (SBA) e Federico Parolotto (MIC-HUB) che insieme a specialisti e ai partecipanti lavoreranno sul modello di citt\u00e0 arcipelago.<\/p>\r\n\r\n&nbsp;\r\n\r\n<p>Intervengono:<\/p>\r\n<p>Maria Chiara Pastore, Researcher at Politecnico di Milano<\/p>\r\n<p>Federico Parolotto, CEO of MIC-HUB<\/p>\r\n\r\n&nbsp;\r\n\r\n<p>Sono invitati a dare la loro visione sul tema:<\/p>\r\n<p>Demetrio Scopelliti Direttore area Urbanistica, Territorio e Spazio Pubblico presso AMAT Agenzia Mobilit\u00e0, Ambiente e Territorio<\/p>\r\n<p>Chiara Quinzii, architetto, urbanista, partner Quinzii Terna Architecture<\/p>\r\n\r\n&nbsp;\r\n\r\n<p>Future4Cities \u00e8 un festival per:<\/p>\r\n\r\n<p>\u2022\tscoprire, celebrare e connettere le realt\u00e0 urbane protagoniste del cambiamento<\/p>\r\n<p>\u2022\tnutrire il dibattito su come trasformare le nostre citt\u00e0 in senso pi\u00f9 equo, vivibile e sostenibile<\/p>\r\n<p>\u2022\tpremiare i progetti pi\u00f9 innovativi che costruiscono il futuro di quei luoghi che chiamiamo casa<\/p>\r\n\r\n<p>Future4Cities \u00e8 promosso e organizzato da Will Media, From e BASE Milano, con il supporto della Rappresentanza della Commissione Europea in Italia.\"<\/p>","MICHUB_claim":"Vi aspettiamo a BASE in Via Bergognone 34, Milano mercoled\u00ec 25 ottobre dalle 17.50 e gioved\u00ec 26 ottobre dalle 11.30 alle 13.30","MICHUB_link_text":"More info","MICHUB_link":"https:\/\/willmedia.it\/future4cities\/","MICHUB_attachments_it":[],"MICHUB_attachments_en":[]},"_links":{"self":[{"href":"https:\/\/www.mic-hub.com\/it\/wp-json\/wp\/v2\/posts\/3712","targetHints":{"allow":["GET"]}}],"collection":[{"href":"https:\/\/www.mic-hub.com\/it\/wp-json\/wp\/v2\/posts"}],"about":[{"href":"https:\/\/www.mic-hub.com\/it\/wp-json\/wp\/v2\/types\/post"}],"author":[{"embeddable":true,"href":"https:\/\/www.mic-hub.com\/it\/wp-json\/wp\/v2\/users\/2"}],"replies":[{"embeddable":true,"href":"https:\/\/www.mic-hub.com\/it\/wp-json\/wp\/v2\/comments?post=3712"}],"version-history":[{"count":1,"href":"https:\/\/www.mic-hub.com\/it\/wp-json\/wp\/v2\/posts\/3712\/revisions"}],"predecessor-version":[{"id":3714,"href":"https:\/\/www.mic-hub.com\/it\/wp-json\/wp\/v2\/posts\/3712\/revisions\/3714"}],"wp:featuredmedia":[{"embeddable":true,"href":"https:\/\/www.mic-hub.com\/it\/wp-json\/wp\/v2\/media\/3713"}],"wp:attachment":[{"href":"https:\/\/www.mic-hub.com\/it\/wp-json\/wp\/v2\/media?parent=3712"}],"wp:term":[{"taxonomy":"post_tag","embeddable":true,"href":"https:\/\/www.mic-hub.com\/it\/wp-json\/wp\/v2\/tags?post=3712"}],"curies":[{"name":"wp","href":"https:\/\/api.w.org\/{rel}","templated":true}]}}