

{"id":3741,"date":"2023-11-08T11:25:00","date_gmt":"2023-11-08T10:25:00","guid":{"rendered":"https:\/\/www.mic-hub.com\/?p=3741"},"modified":"2023-11-08T11:25:00","modified_gmt":"2023-11-08T10:25:00","slug":"mic-hub-at-the-conference-i-dialoghi-del-nord-milano","status":"publish","type":"post","link":"https:\/\/www.mic-hub.com\/it\/mic-hub-at-the-conference-i-dialoghi-del-nord-milano\/","title":{"rendered":"MIC-HUB partecipa a I Dialoghi del Nord Milano"},"content":{"rendered":"","protected":false},"excerpt":{"rendered":"","protected":false},"author":2,"featured_media":3743,"comment_status":"open","ping_status":"open","sticky":false,"template":"","format":"standard","meta":{"footnotes":""},"tags":[40],"class_list":["post-3741","post","type-post","status-publish","format-standard","has-post-thumbnail","hentry","tag-conferences"],"yoast_head":"<!-- This site is optimized with the Yoast SEO plugin v18.2 - https:\/\/yoast.com\/wordpress\/plugins\/seo\/ -->\n<meta name=\"description\" content=\"L\u2019evento \u00e8 aperto a tutti e si svolger\u00e0 gioved\u00ec 9 novembre a Cormano presso il Teatro BI\u2019 in via Giovanni Rodari 3, a partire dalle ore 18:00.\" \/>\n<meta name=\"robots\" content=\"index, follow, max-snippet:-1, max-image-preview:large, max-video-preview:-1\" \/>\n<link rel=\"canonical\" href=\"https:\/\/www.mic-hub.com\/it\/mic-hub-at-the-conference-i-dialoghi-del-nord-milano\/\" \/>\n<meta property=\"og:locale\" content=\"it_IT\" \/>\n<meta property=\"og:type\" content=\"article\" \/>\n<meta property=\"og:title\" content=\"MIC-HUB partecipa a I Dialoghi del Nord Milano\" \/>\n<meta property=\"og:description\" content=\"L\u2019evento \u00e8 aperto a tutti e si svolger\u00e0 gioved\u00ec 9 novembre a Cormano presso il Teatro BI\u2019 in via Giovanni Rodari 3, a partire dalle ore 18:00.\" \/>\n<meta property=\"og:url\" content=\"https:\/\/www.mic-hub.com\/it\/mic-hub-at-the-conference-i-dialoghi-del-nord-milano\/\" \/>\n<meta property=\"og:site_name\" content=\"MIC-HUB\" \/>\n<meta property=\"article:published_time\" content=\"2023-11-08T10:25:00+00:00\" \/>\n<meta property=\"og:image\" content=\"https:\/\/www.mic-hub.com\/wp-content\/uploads\/2023\/11\/NordMilano_cover.jpg\" \/>\n\t<meta property=\"og:image:width\" content=\"1024\" \/>\n\t<meta property=\"og:image:height\" content=\"768\" \/>\n\t<meta property=\"og:image:type\" content=\"image\/jpeg\" \/>\n<meta name=\"twitter:card\" content=\"summary_large_image\" \/>\n<meta name=\"twitter:label1\" content=\"Scritto da\" \/>\n\t<meta name=\"twitter:data1\" content=\"Alessia\" \/>\n<script type=\"application\/ld+json\" class=\"yoast-schema-graph\">{\"@context\":\"https:\/\/schema.org\",\"@graph\":[{\"@type\":\"Organization\",\"@id\":\"https:\/\/www.mic-hub.com\/it\/#organization\",\"name\":\"MIC-HUB\",\"url\":\"https:\/\/www.mic-hub.com\/it\/\",\"sameAs\":[],\"logo\":{\"@type\":\"ImageObject\",\"@id\":\"https:\/\/www.mic-hub.com\/it\/#logo\",\"inLanguage\":\"it-IT\",\"url\":\"https:\/\/www.mic-hub.com\/wp-content\/uploads\/2022\/03\/mic-hub_logo_1200x628.jpg\",\"contentUrl\":\"https:\/\/www.mic-hub.com\/wp-content\/uploads\/2022\/03\/mic-hub_logo_1200x628.jpg\",\"width\":1200,\"height\":628,\"caption\":\"MIC-HUB\"},\"image\":{\"@id\":\"https:\/\/www.mic-hub.com\/it\/#logo\"}},{\"@type\":\"WebSite\",\"@id\":\"https:\/\/www.mic-hub.com\/it\/#website\",\"url\":\"https:\/\/www.mic-hub.com\/it\/\",\"name\":\"MIC-HUB\",\"description\":\"Mobility Planning, Infrastructure Design, City Futures\",\"publisher\":{\"@id\":\"https:\/\/www.mic-hub.com\/it\/#organization\"},\"potentialAction\":[{\"@type\":\"SearchAction\",\"target\":{\"@type\":\"EntryPoint\",\"urlTemplate\":\"https:\/\/www.mic-hub.com\/it\/?s={search_term_string}\"},\"query-input\":\"required name=search_term_string\"}],\"inLanguage\":\"it-IT\"},{\"@type\":\"ImageObject\",\"@id\":\"https:\/\/www.mic-hub.com\/it\/mic-hub-at-the-conference-i-dialoghi-del-nord-milano\/#primaryimage\",\"inLanguage\":\"it-IT\",\"url\":\"https:\/\/www.mic-hub.com\/wp-content\/uploads\/2023\/11\/NordMilano_cover.jpg\",\"contentUrl\":\"https:\/\/www.mic-hub.com\/wp-content\/uploads\/2023\/11\/NordMilano_cover.jpg\",\"width\":1024,\"height\":768},{\"@type\":\"WebPage\",\"@id\":\"https:\/\/www.mic-hub.com\/it\/mic-hub-at-the-conference-i-dialoghi-del-nord-milano\/#webpage\",\"url\":\"https:\/\/www.mic-hub.com\/it\/mic-hub-at-the-conference-i-dialoghi-del-nord-milano\/\",\"name\":\"MIC-HUB partecipa a I Dialoghi del Nord Milano\",\"isPartOf\":{\"@id\":\"https:\/\/www.mic-hub.com\/it\/#website\"},\"primaryImageOfPage\":{\"@id\":\"https:\/\/www.mic-hub.com\/it\/mic-hub-at-the-conference-i-dialoghi-del-nord-milano\/#primaryimage\"},\"datePublished\":\"2023-11-08T10:25:00+00:00\",\"dateModified\":\"2023-11-08T10:25:00+00:00\",\"description\":\"L\u2019evento \u00e8 aperto a tutti e si svolger\u00e0 gioved\u00ec 9 novembre a Cormano presso il Teatro BI\u2019 in via Giovanni Rodari 3, a partire dalle ore 18:00.\",\"breadcrumb\":{\"@id\":\"https:\/\/www.mic-hub.com\/it\/mic-hub-at-the-conference-i-dialoghi-del-nord-milano\/#breadcrumb\"},\"inLanguage\":\"it-IT\",\"potentialAction\":[{\"@type\":\"ReadAction\",\"target\":[[\"https:\/\/www.mic-hub.com\/it\/mic-hub-at-the-conference-i-dialoghi-del-nord-milano\/\"]]}]},{\"@type\":\"BreadcrumbList\",\"@id\":\"https:\/\/www.mic-hub.com\/it\/mic-hub-at-the-conference-i-dialoghi-del-nord-milano\/#breadcrumb\",\"itemListElement\":[{\"@type\":\"ListItem\",\"position\":1,\"name\":\"MIC-HUB at the conference I Dialoghi del Nord Milano\"}]},{\"@type\":\"Article\",\"@id\":\"https:\/\/www.mic-hub.com\/mic-hub-at-the-conference-i-dialoghi-del-nord-milano\/#article\",\"isPartOf\":{\"@id\":\"https:\/\/www.mic-hub.com\/mic-hub-at-the-conference-i-dialoghi-del-nord-milano\/#webpage\"},\"author\":{\"@id\":\"https:\/\/www.mic-hub.com\/#\/schema\/person\/23b2e7abf81cdb24babdc07feb6835be\"},\"headline\":\"MIC-HUB partecipa a I Dialoghi del Nord Milano\",\"datePublished\":\"2023-11-08T10:25:00+00:00\",\"dateModified\":\"2023-11-08T10:25:00+00:00\",\"mainEntityOfPage\":{\"@id\":\"https:\/\/www.mic-hub.com\/mic-hub-at-the-conference-i-dialoghi-del-nord-milano\/#webpage\"},\"wordCount\":19,\"commentCount\":0,\"publisher\":{\"@id\":\"https:\/\/www.mic-hub.com\/#organization\"},\"image\":{\"@id\":\"https:\/\/www.mic-hub.com\/mic-hub-at-the-conference-i-dialoghi-del-nord-milano\/#primaryimage\"},\"thumbnailUrl\":\"https:\/\/www.mic-hub.com\/wp-content\/uploads\/2023\/11\/NordMilano_cover.jpg\",\"keywords\":[\"Conferences\"],\"inLanguage\":\"it-IT\",\"potentialAction\":[{\"@type\":\"CommentAction\",\"name\":\"Comment\",\"target\":[\"https:\/\/www.mic-hub.com\/mic-hub-at-the-conference-i-dialoghi-del-nord-milano\/#respond\"]}]},{\"@type\":\"Person\",\"@id\":\"https:\/\/www.mic-hub.com\/#\/schema\/person\/23b2e7abf81cdb24babdc07feb6835be\",\"name\":\"Alessia\",\"image\":{\"@type\":\"ImageObject\",\"@id\":\"https:\/\/www.mic-hub.com\/it\/#personlogo\",\"inLanguage\":\"it-IT\",\"url\":\"https:\/\/secure.gravatar.com\/avatar\/f14dc2cba50883354860eb55730bfe8d682b74392348780008bd9913bbf8b74a?s=96&d=mm&r=g\",\"contentUrl\":\"https:\/\/secure.gravatar.com\/avatar\/f14dc2cba50883354860eb55730bfe8d682b74392348780008bd9913bbf8b74a?s=96&d=mm&r=g\",\"caption\":\"Alessia\"}}]}<\/script>\n<!-- \/ Yoast SEO plugin. -->","yoast_head_json":{"description":"L\u2019evento \u00e8 aperto a tutti e si svolger\u00e0 gioved\u00ec 9 novembre a Cormano presso il Teatro BI\u2019 in via Giovanni Rodari 3, a partire dalle ore 18:00.","robots":{"index":"index","follow":"follow","max-snippet":"max-snippet:-1","max-image-preview":"max-image-preview:large","max-video-preview":"max-video-preview:-1"},"canonical":"https:\/\/www.mic-hub.com\/it\/mic-hub-at-the-conference-i-dialoghi-del-nord-milano\/","og_locale":"it_IT","og_type":"article","og_title":"MIC-HUB partecipa a I Dialoghi del Nord Milano","og_description":"L\u2019evento \u00e8 aperto a tutti e si svolger\u00e0 gioved\u00ec 9 novembre a Cormano presso il Teatro BI\u2019 in via Giovanni Rodari 3, a partire dalle ore 18:00.","og_url":"https:\/\/www.mic-hub.com\/it\/mic-hub-at-the-conference-i-dialoghi-del-nord-milano\/","og_site_name":"MIC-HUB","article_published_time":"2023-11-08T10:25:00+00:00","og_image":[{"width":1024,"height":768,"url":"https:\/\/www.mic-hub.com\/wp-content\/uploads\/2023\/11\/NordMilano_cover.jpg","type":"image\/jpeg"}],"twitter_card":"summary_large_image","twitter_misc":{"Scritto da":"Alessia"},"schema":{"@context":"https:\/\/schema.org","@graph":[{"@type":"Organization","@id":"https:\/\/www.mic-hub.com\/it\/#organization","name":"MIC-HUB","url":"https:\/\/www.mic-hub.com\/it\/","sameAs":[],"logo":{"@type":"ImageObject","@id":"https:\/\/www.mic-hub.com\/it\/#logo","inLanguage":"it-IT","url":"https:\/\/www.mic-hub.com\/wp-content\/uploads\/2022\/03\/mic-hub_logo_1200x628.jpg","contentUrl":"https:\/\/www.mic-hub.com\/wp-content\/uploads\/2022\/03\/mic-hub_logo_1200x628.jpg","width":1200,"height":628,"caption":"MIC-HUB"},"image":{"@id":"https:\/\/www.mic-hub.com\/it\/#logo"}},{"@type":"WebSite","@id":"https:\/\/www.mic-hub.com\/it\/#website","url":"https:\/\/www.mic-hub.com\/it\/","name":"MIC-HUB","description":"Mobility Planning, Infrastructure Design, City Futures","publisher":{"@id":"https:\/\/www.mic-hub.com\/it\/#organization"},"potentialAction":[{"@type":"SearchAction","target":{"@type":"EntryPoint","urlTemplate":"https:\/\/www.mic-hub.com\/it\/?s={search_term_string}"},"query-input":"required name=search_term_string"}],"inLanguage":"it-IT"},{"@type":"ImageObject","@id":"https:\/\/www.mic-hub.com\/it\/mic-hub-at-the-conference-i-dialoghi-del-nord-milano\/#primaryimage","inLanguage":"it-IT","url":"https:\/\/www.mic-hub.com\/wp-content\/uploads\/2023\/11\/NordMilano_cover.jpg","contentUrl":"https:\/\/www.mic-hub.com\/wp-content\/uploads\/2023\/11\/NordMilano_cover.jpg","width":1024,"height":768},{"@type":"WebPage","@id":"https:\/\/www.mic-hub.com\/it\/mic-hub-at-the-conference-i-dialoghi-del-nord-milano\/#webpage","url":"https:\/\/www.mic-hub.com\/it\/mic-hub-at-the-conference-i-dialoghi-del-nord-milano\/","name":"MIC-HUB partecipa a I Dialoghi del Nord Milano","isPartOf":{"@id":"https:\/\/www.mic-hub.com\/it\/#website"},"primaryImageOfPage":{"@id":"https:\/\/www.mic-hub.com\/it\/mic-hub-at-the-conference-i-dialoghi-del-nord-milano\/#primaryimage"},"datePublished":"2023-11-08T10:25:00+00:00","dateModified":"2023-11-08T10:25:00+00:00","description":"L\u2019evento \u00e8 aperto a tutti e si svolger\u00e0 gioved\u00ec 9 novembre a Cormano presso il Teatro BI\u2019 in via Giovanni Rodari 3, a partire dalle ore 18:00.","breadcrumb":{"@id":"https:\/\/www.mic-hub.com\/it\/mic-hub-at-the-conference-i-dialoghi-del-nord-milano\/#breadcrumb"},"inLanguage":"it-IT","potentialAction":[{"@type":"ReadAction","target":[["https:\/\/www.mic-hub.com\/it\/mic-hub-at-the-conference-i-dialoghi-del-nord-milano\/"]]}]},{"@type":"BreadcrumbList","@id":"https:\/\/www.mic-hub.com\/it\/mic-hub-at-the-conference-i-dialoghi-del-nord-milano\/#breadcrumb","itemListElement":[{"@type":"ListItem","position":1,"name":"MIC-HUB at the conference I Dialoghi del Nord Milano"}]},{"@type":"Article","@id":"https:\/\/www.mic-hub.com\/mic-hub-at-the-conference-i-dialoghi-del-nord-milano\/#article","isPartOf":{"@id":"https:\/\/www.mic-hub.com\/mic-hub-at-the-conference-i-dialoghi-del-nord-milano\/#webpage"},"author":{"@id":"https:\/\/www.mic-hub.com\/#\/schema\/person\/23b2e7abf81cdb24babdc07feb6835be"},"headline":"MIC-HUB partecipa a I Dialoghi del Nord Milano","datePublished":"2023-11-08T10:25:00+00:00","dateModified":"2023-11-08T10:25:00+00:00","mainEntityOfPage":{"@id":"https:\/\/www.mic-hub.com\/mic-hub-at-the-conference-i-dialoghi-del-nord-milano\/#webpage"},"wordCount":19,"commentCount":0,"publisher":{"@id":"https:\/\/www.mic-hub.com\/#organization"},"image":{"@id":"https:\/\/www.mic-hub.com\/mic-hub-at-the-conference-i-dialoghi-del-nord-milano\/#primaryimage"},"thumbnailUrl":"https:\/\/www.mic-hub.com\/wp-content\/uploads\/2023\/11\/NordMilano_cover.jpg","keywords":["Conferences"],"inLanguage":"it-IT","potentialAction":[{"@type":"CommentAction","name":"Comment","target":["https:\/\/www.mic-hub.com\/mic-hub-at-the-conference-i-dialoghi-del-nord-milano\/#respond"]}]},{"@type":"Person","@id":"https:\/\/www.mic-hub.com\/#\/schema\/person\/23b2e7abf81cdb24babdc07feb6835be","name":"Alessia","image":{"@type":"ImageObject","@id":"https:\/\/www.mic-hub.com\/it\/#personlogo","inLanguage":"it-IT","url":"https:\/\/secure.gravatar.com\/avatar\/f14dc2cba50883354860eb55730bfe8d682b74392348780008bd9913bbf8b74a?s=96&d=mm&r=g","contentUrl":"https:\/\/secure.gravatar.com\/avatar\/f14dc2cba50883354860eb55730bfe8d682b74392348780008bd9913bbf8b74a?s=96&d=mm&r=g","caption":"Alessia"}}]}},"meta_box":{"MICHUB_gallery":[{"MICHUB_image":"3743"},{"MICHUB_image":"3744"}],"MICHUB_content":"<p>Siamo entusiasti di partecipare alla conferenza i Dialoghi del Nord Milano che si terr\u00e0 a Cormano Gioved\u00ec 9 Novembre.<\/p>\r\n\r\n&nbsp;\r\n\r\n<p>Lavoro e mobilit\u00e0 sostenibile saranno i temi protagonisti della 4\u00b0 edizione dei Dialoghi del Nord Milano, l\u2019appuntamento annuale con i grandi temi del vivere e del lavorare sul territorio.<\/p>\r\n\r\n&nbsp;\r\n\r\n<p>L\u2019evento intitolato \u201cLavoro e mobilit\u00e0 sostenibile: le sfide del territorio\u201d prevede l\u2019intervento di Federico Parolotto, CEO di MIC-HUB, insieme a:<\/p> \r\n\r\n&nbsp;\r\n\r\n<p>Francesco Cacopardi, direttore di Istituto Luigi Gatti APA Confartigianato Imprese.<\/p>\r\n<p>Arianna Censi, assessore alla Mobilit\u00e0 del Comune di Milano.<\/p>\r\n<p>Matteo Colleoni, professore ordinario di Sociologia dell\u2019ambiente e del territorio presso il Dipartimento di Sociologia e ricerca sociale dell\u2019Universit\u00e0 di Milano-Bicocca.<\/p>\r\n<p>Franco Lucente, assessore ai Trasporti e Mobilit\u00e0 Sostenibile di Regione Lombardia.<\/p>\r\n<p>Sandro Capra, ingegnere, responsabile Studi di Fattibilit\u00e0 di Metropolitana Milanese, referente Mobilit\u00e0 e Spazio pubblico.<\/p>\r\n<p>Sergio Busico, assessore alle Attivit\u00e0 produttive e commercio del Comune di Cormano.<\/p>\r\n<p>Emma Tam\u00e0, esperta di welfare aziendale.<\/p>\r\n\r\n&nbsp;\r\n\r\n<p>Partecipano:<\/p>\r\n<p>Gianluca Marco Comazzi, assessore al Territorio e Sistemi verdi di Regione Lombardia.<\/p>\r\n<p>Marzio Marzorati, presidente Parco Nord Milano.<\/p>\r\n\r\n&nbsp;\r\n\r\n<p>Presenta Lapo De Carlo, giornalista e conduttore GiornaleRadio.fm e opinionista a TL.<\/p>\r\n\r\n&nbsp;\r\n\r\n<p>Sono stati invitati sindaci e amministratori dei Comuni del Nord Milano: Bresso, Cinisello Balsamo, Cologno Monzese, Cormano, Cusano Milanino, Paderno Dugnano, Sesto San Giovanni.<\/p>\r\n\r\n&nbsp;\r\n\r\n<p>I Dialoghi del Nord Milano sono promossi da NordMilano24, il primo quotidiano online del territorio e dal suo editore Prima Societ\u00e0 Cooperativa Sociale, dall\u2019Associazione giovanile Xsqu\u00ec, l\u2019Istituto Luigi Gatti di APA Confartigianato Imprese - sede di Cinisello, il patrocinio dei Comuni del Nord Milano e di numerosi sponsor.<\/p>","MICHUB_claim":"L\u2019evento \u00e8 aperto a tutti e si svolger\u00e0 gioved\u00ec 9 novembre a Cormano presso il Teatro BI\u2019 in via Giovanni Rodari 3, a partire dalle ore 18:00.","MICHUB_link_text":"Per registrarsi all\u2019evento","MICHUB_link":"https:\/\/www.comune.cormano.mi.it\/it\/news\/quarta-edizione-convegno-dialoghi-del-nord-milano-cormano-9-novembre-2023?type=2&from_menu=1&force_preview=true","MICHUB_attachments_it":[],"MICHUB_attachments_en":[]},"_links":{"self":[{"href":"https:\/\/www.mic-hub.com\/it\/wp-json\/wp\/v2\/posts\/3741","targetHints":{"allow":["GET"]}}],"collection":[{"href":"https:\/\/www.mic-hub.com\/it\/wp-json\/wp\/v2\/posts"}],"about":[{"href":"https:\/\/www.mic-hub.com\/it\/wp-json\/wp\/v2\/types\/post"}],"author":[{"embeddable":true,"href":"https:\/\/www.mic-hub.com\/it\/wp-json\/wp\/v2\/users\/2"}],"replies":[{"embeddable":true,"href":"https:\/\/www.mic-hub.com\/it\/wp-json\/wp\/v2\/comments?post=3741"}],"version-history":[{"count":1,"href":"https:\/\/www.mic-hub.com\/it\/wp-json\/wp\/v2\/posts\/3741\/revisions"}],"predecessor-version":[{"id":3742,"href":"https:\/\/www.mic-hub.com\/it\/wp-json\/wp\/v2\/posts\/3741\/revisions\/3742"}],"wp:featuredmedia":[{"embeddable":true,"href":"https:\/\/www.mic-hub.com\/it\/wp-json\/wp\/v2\/media\/3743"}],"wp:attachment":[{"href":"https:\/\/www.mic-hub.com\/it\/wp-json\/wp\/v2\/media?parent=3741"}],"wp:term":[{"taxonomy":"post_tag","embeddable":true,"href":"https:\/\/www.mic-hub.com\/it\/wp-json\/wp\/v2\/tags?post=3741"}],"curies":[{"name":"wp","href":"https:\/\/api.w.org\/{rel}","templated":true}]}}