

{"id":4112,"date":"2024-04-22T16:35:44","date_gmt":"2024-04-22T15:35:44","guid":{"rendered":"https:\/\/www.mic-hub.com\/?p=4112"},"modified":"2024-05-06T16:36:43","modified_gmt":"2024-05-06T15:36:43","slug":"mic-hub-participates-in-the-rsi-radio-programme-moby-dick","status":"publish","type":"post","link":"https:\/\/www.mic-hub.com\/it\/mic-hub-participates-in-the-rsi-radio-programme-moby-dick\/","title":{"rendered":"MIC-HUB alla trasmissione Moby Dick di RSI"},"content":{"rendered":"","protected":false},"excerpt":{"rendered":"","protected":false},"author":2,"featured_media":4114,"comment_status":"open","ping_status":"open","sticky":false,"template":"","format":"standard","meta":{"footnotes":""},"tags":[18],"class_list":["post-4112","post","type-post","status-publish","format-standard","has-post-thumbnail","hentry","tag-podcast"],"yoast_head":"<!-- This site is optimized with the Yoast SEO plugin v18.2 - https:\/\/yoast.com\/wordpress\/plugins\/seo\/ -->\n<meta name=\"robots\" content=\"index, follow, max-snippet:-1, max-image-preview:large, max-video-preview:-1\" \/>\n<link rel=\"canonical\" href=\"https:\/\/www.mic-hub.com\/it\/mic-hub-participates-in-the-rsi-radio-programme-moby-dick\/\" \/>\n<meta property=\"og:locale\" content=\"it_IT\" \/>\n<meta property=\"og:type\" content=\"article\" \/>\n<meta property=\"og:title\" content=\"MIC-HUB alla trasmissione Moby Dick di RSI\" \/>\n<meta property=\"og:url\" content=\"https:\/\/www.mic-hub.com\/it\/mic-hub-participates-in-the-rsi-radio-programme-moby-dick\/\" \/>\n<meta property=\"og:site_name\" content=\"MIC-HUB\" \/>\n<meta property=\"article:published_time\" content=\"2024-04-22T15:35:44+00:00\" \/>\n<meta property=\"article:modified_time\" content=\"2024-05-06T15:36:43+00:00\" \/>\n<meta property=\"og:image\" content=\"https:\/\/www.mic-hub.com\/wp-content\/uploads\/2024\/05\/Moby-Dick.jpg\" \/>\n\t<meta property=\"og:image:width\" content=\"1024\" \/>\n\t<meta property=\"og:image:height\" content=\"768\" \/>\n\t<meta property=\"og:image:type\" content=\"image\/jpeg\" \/>\n<meta name=\"twitter:card\" content=\"summary_large_image\" \/>\n<meta name=\"twitter:label1\" content=\"Scritto da\" \/>\n\t<meta name=\"twitter:data1\" content=\"Alessia\" \/>\n<script type=\"application\/ld+json\" class=\"yoast-schema-graph\">{\"@context\":\"https:\/\/schema.org\",\"@graph\":[{\"@type\":\"Organization\",\"@id\":\"https:\/\/www.mic-hub.com\/it\/#organization\",\"name\":\"MIC-HUB\",\"url\":\"https:\/\/www.mic-hub.com\/it\/\",\"sameAs\":[],\"logo\":{\"@type\":\"ImageObject\",\"@id\":\"https:\/\/www.mic-hub.com\/it\/#logo\",\"inLanguage\":\"it-IT\",\"url\":\"https:\/\/www.mic-hub.com\/wp-content\/uploads\/2022\/03\/mic-hub_logo_1200x628.jpg\",\"contentUrl\":\"https:\/\/www.mic-hub.com\/wp-content\/uploads\/2022\/03\/mic-hub_logo_1200x628.jpg\",\"width\":1200,\"height\":628,\"caption\":\"MIC-HUB\"},\"image\":{\"@id\":\"https:\/\/www.mic-hub.com\/it\/#logo\"}},{\"@type\":\"WebSite\",\"@id\":\"https:\/\/www.mic-hub.com\/it\/#website\",\"url\":\"https:\/\/www.mic-hub.com\/it\/\",\"name\":\"MIC-HUB\",\"description\":\"Mobility Planning, Infrastructure Design, City Futures\",\"publisher\":{\"@id\":\"https:\/\/www.mic-hub.com\/it\/#organization\"},\"potentialAction\":[{\"@type\":\"SearchAction\",\"target\":{\"@type\":\"EntryPoint\",\"urlTemplate\":\"https:\/\/www.mic-hub.com\/it\/?s={search_term_string}\"},\"query-input\":\"required name=search_term_string\"}],\"inLanguage\":\"it-IT\"},{\"@type\":\"ImageObject\",\"@id\":\"https:\/\/www.mic-hub.com\/it\/mic-hub-participates-in-the-rsi-radio-programme-moby-dick\/#primaryimage\",\"inLanguage\":\"it-IT\",\"url\":\"https:\/\/www.mic-hub.com\/wp-content\/uploads\/2024\/05\/Moby-Dick.jpg\",\"contentUrl\":\"https:\/\/www.mic-hub.com\/wp-content\/uploads\/2024\/05\/Moby-Dick.jpg\",\"width\":1024,\"height\":768},{\"@type\":\"WebPage\",\"@id\":\"https:\/\/www.mic-hub.com\/it\/mic-hub-participates-in-the-rsi-radio-programme-moby-dick\/#webpage\",\"url\":\"https:\/\/www.mic-hub.com\/it\/mic-hub-participates-in-the-rsi-radio-programme-moby-dick\/\",\"name\":\"MIC-HUB alla trasmissione Moby Dick di RSI\",\"isPartOf\":{\"@id\":\"https:\/\/www.mic-hub.com\/it\/#website\"},\"primaryImageOfPage\":{\"@id\":\"https:\/\/www.mic-hub.com\/it\/mic-hub-participates-in-the-rsi-radio-programme-moby-dick\/#primaryimage\"},\"datePublished\":\"2024-04-22T15:35:44+00:00\",\"dateModified\":\"2024-05-06T15:36:43+00:00\",\"breadcrumb\":{\"@id\":\"https:\/\/www.mic-hub.com\/it\/mic-hub-participates-in-the-rsi-radio-programme-moby-dick\/#breadcrumb\"},\"inLanguage\":\"it-IT\",\"potentialAction\":[{\"@type\":\"ReadAction\",\"target\":[[\"https:\/\/www.mic-hub.com\/it\/mic-hub-participates-in-the-rsi-radio-programme-moby-dick\/\"]]}]},{\"@type\":\"BreadcrumbList\",\"@id\":\"https:\/\/www.mic-hub.com\/it\/mic-hub-participates-in-the-rsi-radio-programme-moby-dick\/#breadcrumb\",\"itemListElement\":[{\"@type\":\"ListItem\",\"position\":1,\"name\":\"MIC-HUB participates in the RSI radio programme \u2018Moby Dick\u2019\"}]},{\"@type\":\"Article\",\"@id\":\"https:\/\/www.mic-hub.com\/mic-hub-participates-in-the-rsi-radio-programme-moby-dick\/#article\",\"isPartOf\":{\"@id\":\"https:\/\/www.mic-hub.com\/mic-hub-participates-in-the-rsi-radio-programme-moby-dick\/#webpage\"},\"author\":{\"@id\":\"https:\/\/www.mic-hub.com\/#\/schema\/person\/23b2e7abf81cdb24babdc07feb6835be\"},\"headline\":\"MIC-HUB alla trasmissione Moby Dick di RSI\",\"datePublished\":\"2024-04-22T15:35:44+00:00\",\"dateModified\":\"2024-05-06T15:36:43+00:00\",\"mainEntityOfPage\":{\"@id\":\"https:\/\/www.mic-hub.com\/mic-hub-participates-in-the-rsi-radio-programme-moby-dick\/#webpage\"},\"wordCount\":18,\"commentCount\":0,\"publisher\":{\"@id\":\"https:\/\/www.mic-hub.com\/#organization\"},\"image\":{\"@id\":\"https:\/\/www.mic-hub.com\/mic-hub-participates-in-the-rsi-radio-programme-moby-dick\/#primaryimage\"},\"thumbnailUrl\":\"https:\/\/www.mic-hub.com\/wp-content\/uploads\/2024\/05\/Moby-Dick.jpg\",\"keywords\":[\"Podcast\"],\"inLanguage\":\"it-IT\",\"potentialAction\":[{\"@type\":\"CommentAction\",\"name\":\"Comment\",\"target\":[\"https:\/\/www.mic-hub.com\/mic-hub-participates-in-the-rsi-radio-programme-moby-dick\/#respond\"]}]},{\"@type\":\"Person\",\"@id\":\"https:\/\/www.mic-hub.com\/#\/schema\/person\/23b2e7abf81cdb24babdc07feb6835be\",\"name\":\"Alessia\",\"image\":{\"@type\":\"ImageObject\",\"@id\":\"https:\/\/www.mic-hub.com\/it\/#personlogo\",\"inLanguage\":\"it-IT\",\"url\":\"https:\/\/secure.gravatar.com\/avatar\/f14dc2cba50883354860eb55730bfe8d682b74392348780008bd9913bbf8b74a?s=96&d=mm&r=g\",\"contentUrl\":\"https:\/\/secure.gravatar.com\/avatar\/f14dc2cba50883354860eb55730bfe8d682b74392348780008bd9913bbf8b74a?s=96&d=mm&r=g\",\"caption\":\"Alessia\"}}]}<\/script>\n<!-- \/ Yoast SEO plugin. -->","yoast_head_json":{"robots":{"index":"index","follow":"follow","max-snippet":"max-snippet:-1","max-image-preview":"max-image-preview:large","max-video-preview":"max-video-preview:-1"},"canonical":"https:\/\/www.mic-hub.com\/it\/mic-hub-participates-in-the-rsi-radio-programme-moby-dick\/","og_locale":"it_IT","og_type":"article","og_title":"MIC-HUB alla trasmissione Moby Dick di RSI","og_url":"https:\/\/www.mic-hub.com\/it\/mic-hub-participates-in-the-rsi-radio-programme-moby-dick\/","og_site_name":"MIC-HUB","article_published_time":"2024-04-22T15:35:44+00:00","article_modified_time":"2024-05-06T15:36:43+00:00","og_image":[{"width":1024,"height":768,"url":"https:\/\/www.mic-hub.com\/wp-content\/uploads\/2024\/05\/Moby-Dick.jpg","type":"image\/jpeg"}],"twitter_card":"summary_large_image","twitter_misc":{"Scritto da":"Alessia"},"schema":{"@context":"https:\/\/schema.org","@graph":[{"@type":"Organization","@id":"https:\/\/www.mic-hub.com\/it\/#organization","name":"MIC-HUB","url":"https:\/\/www.mic-hub.com\/it\/","sameAs":[],"logo":{"@type":"ImageObject","@id":"https:\/\/www.mic-hub.com\/it\/#logo","inLanguage":"it-IT","url":"https:\/\/www.mic-hub.com\/wp-content\/uploads\/2022\/03\/mic-hub_logo_1200x628.jpg","contentUrl":"https:\/\/www.mic-hub.com\/wp-content\/uploads\/2022\/03\/mic-hub_logo_1200x628.jpg","width":1200,"height":628,"caption":"MIC-HUB"},"image":{"@id":"https:\/\/www.mic-hub.com\/it\/#logo"}},{"@type":"WebSite","@id":"https:\/\/www.mic-hub.com\/it\/#website","url":"https:\/\/www.mic-hub.com\/it\/","name":"MIC-HUB","description":"Mobility Planning, Infrastructure Design, City Futures","publisher":{"@id":"https:\/\/www.mic-hub.com\/it\/#organization"},"potentialAction":[{"@type":"SearchAction","target":{"@type":"EntryPoint","urlTemplate":"https:\/\/www.mic-hub.com\/it\/?s={search_term_string}"},"query-input":"required name=search_term_string"}],"inLanguage":"it-IT"},{"@type":"ImageObject","@id":"https:\/\/www.mic-hub.com\/it\/mic-hub-participates-in-the-rsi-radio-programme-moby-dick\/#primaryimage","inLanguage":"it-IT","url":"https:\/\/www.mic-hub.com\/wp-content\/uploads\/2024\/05\/Moby-Dick.jpg","contentUrl":"https:\/\/www.mic-hub.com\/wp-content\/uploads\/2024\/05\/Moby-Dick.jpg","width":1024,"height":768},{"@type":"WebPage","@id":"https:\/\/www.mic-hub.com\/it\/mic-hub-participates-in-the-rsi-radio-programme-moby-dick\/#webpage","url":"https:\/\/www.mic-hub.com\/it\/mic-hub-participates-in-the-rsi-radio-programme-moby-dick\/","name":"MIC-HUB alla trasmissione Moby Dick di RSI","isPartOf":{"@id":"https:\/\/www.mic-hub.com\/it\/#website"},"primaryImageOfPage":{"@id":"https:\/\/www.mic-hub.com\/it\/mic-hub-participates-in-the-rsi-radio-programme-moby-dick\/#primaryimage"},"datePublished":"2024-04-22T15:35:44+00:00","dateModified":"2024-05-06T15:36:43+00:00","breadcrumb":{"@id":"https:\/\/www.mic-hub.com\/it\/mic-hub-participates-in-the-rsi-radio-programme-moby-dick\/#breadcrumb"},"inLanguage":"it-IT","potentialAction":[{"@type":"ReadAction","target":[["https:\/\/www.mic-hub.com\/it\/mic-hub-participates-in-the-rsi-radio-programme-moby-dick\/"]]}]},{"@type":"BreadcrumbList","@id":"https:\/\/www.mic-hub.com\/it\/mic-hub-participates-in-the-rsi-radio-programme-moby-dick\/#breadcrumb","itemListElement":[{"@type":"ListItem","position":1,"name":"MIC-HUB participates in the RSI radio programme \u2018Moby Dick\u2019"}]},{"@type":"Article","@id":"https:\/\/www.mic-hub.com\/mic-hub-participates-in-the-rsi-radio-programme-moby-dick\/#article","isPartOf":{"@id":"https:\/\/www.mic-hub.com\/mic-hub-participates-in-the-rsi-radio-programme-moby-dick\/#webpage"},"author":{"@id":"https:\/\/www.mic-hub.com\/#\/schema\/person\/23b2e7abf81cdb24babdc07feb6835be"},"headline":"MIC-HUB alla trasmissione Moby Dick di RSI","datePublished":"2024-04-22T15:35:44+00:00","dateModified":"2024-05-06T15:36:43+00:00","mainEntityOfPage":{"@id":"https:\/\/www.mic-hub.com\/mic-hub-participates-in-the-rsi-radio-programme-moby-dick\/#webpage"},"wordCount":18,"commentCount":0,"publisher":{"@id":"https:\/\/www.mic-hub.com\/#organization"},"image":{"@id":"https:\/\/www.mic-hub.com\/mic-hub-participates-in-the-rsi-radio-programme-moby-dick\/#primaryimage"},"thumbnailUrl":"https:\/\/www.mic-hub.com\/wp-content\/uploads\/2024\/05\/Moby-Dick.jpg","keywords":["Podcast"],"inLanguage":"it-IT","potentialAction":[{"@type":"CommentAction","name":"Comment","target":["https:\/\/www.mic-hub.com\/mic-hub-participates-in-the-rsi-radio-programme-moby-dick\/#respond"]}]},{"@type":"Person","@id":"https:\/\/www.mic-hub.com\/#\/schema\/person\/23b2e7abf81cdb24babdc07feb6835be","name":"Alessia","image":{"@type":"ImageObject","@id":"https:\/\/www.mic-hub.com\/it\/#personlogo","inLanguage":"it-IT","url":"https:\/\/secure.gravatar.com\/avatar\/f14dc2cba50883354860eb55730bfe8d682b74392348780008bd9913bbf8b74a?s=96&d=mm&r=g","contentUrl":"https:\/\/secure.gravatar.com\/avatar\/f14dc2cba50883354860eb55730bfe8d682b74392348780008bd9913bbf8b74a?s=96&d=mm&r=g","caption":"Alessia"}}]}},"meta_box":{"MICHUB_gallery":[{"MICHUB_image":"4114"}],"MICHUB_content":"<p>Federico Parolotto, CEO di MIC-HUB, tra gli ospiti del programma radiofonico \u2018Moby Dick' di RSI - Radiotelevisione svizzera del 20 Aprile.<\/p>\r\n\r\n&nbsp;\r\n\r\n<p>Nella puntata intitolata \u201cLe Citt\u00e0 Globali\u201d gli ospiti Federico Parolotto, Davide Galleri, Luca Alteri, Giulia Scotto, Vito Teti sono stati invitati da Claudio Visentin a confrontarsi su ombre e limiti dietro a questo modello urbano.<\/p>\r\n\r\n&nbsp;\r\n\r\n<p>Federico Parolotto ci accompagnano alla scoperta della mobilit\u00e0 sostenibile e accessibilit\u00e0 all\u2019interno di queste macro aree urbane che segnano la nostra contemporaneit\u00e0.<\/p>\r\n\r\n&nbsp;\r\n\r\n<p>Moby Dick \u00e8 il magazine che mira a mettere a confronto, attorno ai grandi temi di cultura, politica, societ\u00e0, economia, ospiti di sensibilit\u00e0 e opinioni diverse per scandagliare peculiarit\u00e0 e sfumature.<\/p>\r\n\r\n&nbsp;\r\n\r\n[embed]https:\/\/open.spotify.com\/episode\/31tcLlJZVDci9lY7H6rC2p[\/embed]","MICHUB_claim":"","MICHUB_link_text":"Ascolta qui la puntata","MICHUB_link":"https:\/\/www.rsi.ch\/rete-due\/programmi\/cultura\/moby-dick\/Le-citt-globali--2101780.html","MICHUB_attachments_it":[],"MICHUB_attachments_en":[]},"_links":{"self":[{"href":"https:\/\/www.mic-hub.com\/it\/wp-json\/wp\/v2\/posts\/4112","targetHints":{"allow":["GET"]}}],"collection":[{"href":"https:\/\/www.mic-hub.com\/it\/wp-json\/wp\/v2\/posts"}],"about":[{"href":"https:\/\/www.mic-hub.com\/it\/wp-json\/wp\/v2\/types\/post"}],"author":[{"embeddable":true,"href":"https:\/\/www.mic-hub.com\/it\/wp-json\/wp\/v2\/users\/2"}],"replies":[{"embeddable":true,"href":"https:\/\/www.mic-hub.com\/it\/wp-json\/wp\/v2\/comments?post=4112"}],"version-history":[{"count":1,"href":"https:\/\/www.mic-hub.com\/it\/wp-json\/wp\/v2\/posts\/4112\/revisions"}],"predecessor-version":[{"id":4113,"href":"https:\/\/www.mic-hub.com\/it\/wp-json\/wp\/v2\/posts\/4112\/revisions\/4113"}],"wp:featuredmedia":[{"embeddable":true,"href":"https:\/\/www.mic-hub.com\/it\/wp-json\/wp\/v2\/media\/4114"}],"wp:attachment":[{"href":"https:\/\/www.mic-hub.com\/it\/wp-json\/wp\/v2\/media?parent=4112"}],"wp:term":[{"taxonomy":"post_tag","embeddable":true,"href":"https:\/\/www.mic-hub.com\/it\/wp-json\/wp\/v2\/tags?post=4112"}],"curies":[{"name":"wp","href":"https:\/\/api.w.org\/{rel}","templated":true}]}}