

{"id":4835,"date":"2025-05-12T09:29:53","date_gmt":"2025-05-12T08:29:53","guid":{"rendered":"https:\/\/www.mic-hub.com\/?p=4835"},"modified":"2025-05-12T14:27:57","modified_gmt":"2025-05-12T13:27:57","slug":"milan-piazza-cordusio-work-has-begun","status":"publish","type":"post","link":"https:\/\/www.mic-hub.com\/it\/milan-piazza-cordusio-work-has-begun\/","title":{"rendered":"Milano Piazza Cordusio: \u00e8 iniziato il cantiere"},"content":{"rendered":"","protected":false},"excerpt":{"rendered":"","protected":false},"author":2,"featured_media":4837,"comment_status":"open","ping_status":"open","sticky":false,"template":"","format":"standard","meta":{"footnotes":""},"tags":[17],"class_list":["post-4835","post","type-post","status-publish","format-standard","has-post-thumbnail","hentry","tag-news"],"yoast_head":"<!-- This site is optimized with the Yoast SEO plugin v18.2 - https:\/\/yoast.com\/wordpress\/plugins\/seo\/ -->\n<meta name=\"robots\" content=\"index, follow, max-snippet:-1, max-image-preview:large, max-video-preview:-1\" \/>\n<link rel=\"canonical\" href=\"https:\/\/www.mic-hub.com\/it\/milan-piazza-cordusio-work-has-begun\/\" \/>\n<meta property=\"og:locale\" content=\"it_IT\" \/>\n<meta property=\"og:type\" content=\"article\" \/>\n<meta property=\"og:title\" content=\"Milano Piazza Cordusio: \u00e8 iniziato il cantiere\" \/>\n<meta property=\"og:url\" content=\"https:\/\/www.mic-hub.com\/it\/milan-piazza-cordusio-work-has-begun\/\" \/>\n<meta property=\"og:site_name\" content=\"MIC-HUB\" \/>\n<meta property=\"article:published_time\" content=\"2025-05-12T08:29:53+00:00\" \/>\n<meta property=\"article:modified_time\" content=\"2025-05-12T13:27:57+00:00\" \/>\n<meta property=\"og:image\" content=\"https:\/\/www.mic-hub.com\/wp-content\/uploads\/2025\/05\/MIC-HUB_PiazzaCordusio_cantiere02.jpg\" \/>\n\t<meta property=\"og:image:width\" content=\"1097\" \/>\n\t<meta property=\"og:image:height\" content=\"823\" \/>\n\t<meta property=\"og:image:type\" content=\"image\/jpeg\" \/>\n<meta name=\"twitter:card\" content=\"summary_large_image\" \/>\n<meta name=\"twitter:label1\" content=\"Scritto da\" \/>\n\t<meta name=\"twitter:data1\" content=\"Alessia\" \/>\n<script type=\"application\/ld+json\" class=\"yoast-schema-graph\">{\"@context\":\"https:\/\/schema.org\",\"@graph\":[{\"@type\":\"Organization\",\"@id\":\"https:\/\/www.mic-hub.com\/it\/#organization\",\"name\":\"MIC-HUB\",\"url\":\"https:\/\/www.mic-hub.com\/it\/\",\"sameAs\":[],\"logo\":{\"@type\":\"ImageObject\",\"@id\":\"https:\/\/www.mic-hub.com\/it\/#logo\",\"inLanguage\":\"it-IT\",\"url\":\"https:\/\/www.mic-hub.com\/wp-content\/uploads\/2022\/03\/mic-hub_logo_1200x628.jpg\",\"contentUrl\":\"https:\/\/www.mic-hub.com\/wp-content\/uploads\/2022\/03\/mic-hub_logo_1200x628.jpg\",\"width\":1200,\"height\":628,\"caption\":\"MIC-HUB\"},\"image\":{\"@id\":\"https:\/\/www.mic-hub.com\/it\/#logo\"}},{\"@type\":\"WebSite\",\"@id\":\"https:\/\/www.mic-hub.com\/it\/#website\",\"url\":\"https:\/\/www.mic-hub.com\/it\/\",\"name\":\"MIC-HUB\",\"description\":\"Mobility Planning, Infrastructure Design, City Futures\",\"publisher\":{\"@id\":\"https:\/\/www.mic-hub.com\/it\/#organization\"},\"potentialAction\":[{\"@type\":\"SearchAction\",\"target\":{\"@type\":\"EntryPoint\",\"urlTemplate\":\"https:\/\/www.mic-hub.com\/it\/?s={search_term_string}\"},\"query-input\":\"required name=search_term_string\"}],\"inLanguage\":\"it-IT\"},{\"@type\":\"ImageObject\",\"@id\":\"https:\/\/www.mic-hub.com\/it\/milan-piazza-cordusio-work-has-begun\/#primaryimage\",\"inLanguage\":\"it-IT\",\"url\":\"https:\/\/www.mic-hub.com\/wp-content\/uploads\/2025\/05\/MIC-HUB_PiazzaCordusio_cantiere02.jpg\",\"contentUrl\":\"https:\/\/www.mic-hub.com\/wp-content\/uploads\/2025\/05\/MIC-HUB_PiazzaCordusio_cantiere02.jpg\",\"width\":1097,\"height\":823},{\"@type\":\"WebPage\",\"@id\":\"https:\/\/www.mic-hub.com\/it\/milan-piazza-cordusio-work-has-begun\/#webpage\",\"url\":\"https:\/\/www.mic-hub.com\/it\/milan-piazza-cordusio-work-has-begun\/\",\"name\":\"Milano Piazza Cordusio: \u00e8 iniziato il cantiere\",\"isPartOf\":{\"@id\":\"https:\/\/www.mic-hub.com\/it\/#website\"},\"primaryImageOfPage\":{\"@id\":\"https:\/\/www.mic-hub.com\/it\/milan-piazza-cordusio-work-has-begun\/#primaryimage\"},\"datePublished\":\"2025-05-12T08:29:53+00:00\",\"dateModified\":\"2025-05-12T13:27:57+00:00\",\"breadcrumb\":{\"@id\":\"https:\/\/www.mic-hub.com\/it\/milan-piazza-cordusio-work-has-begun\/#breadcrumb\"},\"inLanguage\":\"it-IT\",\"potentialAction\":[{\"@type\":\"ReadAction\",\"target\":[[\"https:\/\/www.mic-hub.com\/it\/milan-piazza-cordusio-work-has-begun\/\"]]}]},{\"@type\":\"BreadcrumbList\",\"@id\":\"https:\/\/www.mic-hub.com\/it\/milan-piazza-cordusio-work-has-begun\/#breadcrumb\",\"itemListElement\":[{\"@type\":\"ListItem\",\"position\":1,\"name\":\"Milan Piazza Cordusio: work has begun\"}]},{\"@type\":\"Article\",\"@id\":\"https:\/\/www.mic-hub.com\/milan-piazza-cordusio-work-has-begun\/#article\",\"isPartOf\":{\"@id\":\"https:\/\/www.mic-hub.com\/milan-piazza-cordusio-work-has-begun\/#webpage\"},\"author\":{\"@id\":\"https:\/\/www.mic-hub.com\/#\/schema\/person\/23b2e7abf81cdb24babdc07feb6835be\"},\"headline\":\"Milano Piazza Cordusio: \u00e8 iniziato il cantiere\",\"datePublished\":\"2025-05-12T08:29:53+00:00\",\"dateModified\":\"2025-05-12T13:27:57+00:00\",\"mainEntityOfPage\":{\"@id\":\"https:\/\/www.mic-hub.com\/milan-piazza-cordusio-work-has-begun\/#webpage\"},\"wordCount\":14,\"commentCount\":0,\"publisher\":{\"@id\":\"https:\/\/www.mic-hub.com\/#organization\"},\"image\":{\"@id\":\"https:\/\/www.mic-hub.com\/milan-piazza-cordusio-work-has-begun\/#primaryimage\"},\"thumbnailUrl\":\"https:\/\/www.mic-hub.com\/wp-content\/uploads\/2025\/05\/MIC-HUB_PiazzaCordusio_cantiere02.jpg\",\"keywords\":[\"News\"],\"inLanguage\":\"it-IT\",\"potentialAction\":[{\"@type\":\"CommentAction\",\"name\":\"Comment\",\"target\":[\"https:\/\/www.mic-hub.com\/milan-piazza-cordusio-work-has-begun\/#respond\"]}]},{\"@type\":\"Person\",\"@id\":\"https:\/\/www.mic-hub.com\/#\/schema\/person\/23b2e7abf81cdb24babdc07feb6835be\",\"name\":\"Alessia\",\"image\":{\"@type\":\"ImageObject\",\"@id\":\"https:\/\/www.mic-hub.com\/it\/#personlogo\",\"inLanguage\":\"it-IT\",\"url\":\"https:\/\/secure.gravatar.com\/avatar\/f14dc2cba50883354860eb55730bfe8d682b74392348780008bd9913bbf8b74a?s=96&d=mm&r=g\",\"contentUrl\":\"https:\/\/secure.gravatar.com\/avatar\/f14dc2cba50883354860eb55730bfe8d682b74392348780008bd9913bbf8b74a?s=96&d=mm&r=g\",\"caption\":\"Alessia\"}}]}<\/script>\n<!-- \/ Yoast SEO plugin. -->","yoast_head_json":{"robots":{"index":"index","follow":"follow","max-snippet":"max-snippet:-1","max-image-preview":"max-image-preview:large","max-video-preview":"max-video-preview:-1"},"canonical":"https:\/\/www.mic-hub.com\/it\/milan-piazza-cordusio-work-has-begun\/","og_locale":"it_IT","og_type":"article","og_title":"Milano Piazza Cordusio: \u00e8 iniziato il cantiere","og_url":"https:\/\/www.mic-hub.com\/it\/milan-piazza-cordusio-work-has-begun\/","og_site_name":"MIC-HUB","article_published_time":"2025-05-12T08:29:53+00:00","article_modified_time":"2025-05-12T13:27:57+00:00","og_image":[{"width":1097,"height":823,"url":"https:\/\/www.mic-hub.com\/wp-content\/uploads\/2025\/05\/MIC-HUB_PiazzaCordusio_cantiere02.jpg","type":"image\/jpeg"}],"twitter_card":"summary_large_image","twitter_misc":{"Scritto da":"Alessia"},"schema":{"@context":"https:\/\/schema.org","@graph":[{"@type":"Organization","@id":"https:\/\/www.mic-hub.com\/it\/#organization","name":"MIC-HUB","url":"https:\/\/www.mic-hub.com\/it\/","sameAs":[],"logo":{"@type":"ImageObject","@id":"https:\/\/www.mic-hub.com\/it\/#logo","inLanguage":"it-IT","url":"https:\/\/www.mic-hub.com\/wp-content\/uploads\/2022\/03\/mic-hub_logo_1200x628.jpg","contentUrl":"https:\/\/www.mic-hub.com\/wp-content\/uploads\/2022\/03\/mic-hub_logo_1200x628.jpg","width":1200,"height":628,"caption":"MIC-HUB"},"image":{"@id":"https:\/\/www.mic-hub.com\/it\/#logo"}},{"@type":"WebSite","@id":"https:\/\/www.mic-hub.com\/it\/#website","url":"https:\/\/www.mic-hub.com\/it\/","name":"MIC-HUB","description":"Mobility Planning, Infrastructure Design, City Futures","publisher":{"@id":"https:\/\/www.mic-hub.com\/it\/#organization"},"potentialAction":[{"@type":"SearchAction","target":{"@type":"EntryPoint","urlTemplate":"https:\/\/www.mic-hub.com\/it\/?s={search_term_string}"},"query-input":"required name=search_term_string"}],"inLanguage":"it-IT"},{"@type":"ImageObject","@id":"https:\/\/www.mic-hub.com\/it\/milan-piazza-cordusio-work-has-begun\/#primaryimage","inLanguage":"it-IT","url":"https:\/\/www.mic-hub.com\/wp-content\/uploads\/2025\/05\/MIC-HUB_PiazzaCordusio_cantiere02.jpg","contentUrl":"https:\/\/www.mic-hub.com\/wp-content\/uploads\/2025\/05\/MIC-HUB_PiazzaCordusio_cantiere02.jpg","width":1097,"height":823},{"@type":"WebPage","@id":"https:\/\/www.mic-hub.com\/it\/milan-piazza-cordusio-work-has-begun\/#webpage","url":"https:\/\/www.mic-hub.com\/it\/milan-piazza-cordusio-work-has-begun\/","name":"Milano Piazza Cordusio: \u00e8 iniziato il cantiere","isPartOf":{"@id":"https:\/\/www.mic-hub.com\/it\/#website"},"primaryImageOfPage":{"@id":"https:\/\/www.mic-hub.com\/it\/milan-piazza-cordusio-work-has-begun\/#primaryimage"},"datePublished":"2025-05-12T08:29:53+00:00","dateModified":"2025-05-12T13:27:57+00:00","breadcrumb":{"@id":"https:\/\/www.mic-hub.com\/it\/milan-piazza-cordusio-work-has-begun\/#breadcrumb"},"inLanguage":"it-IT","potentialAction":[{"@type":"ReadAction","target":[["https:\/\/www.mic-hub.com\/it\/milan-piazza-cordusio-work-has-begun\/"]]}]},{"@type":"BreadcrumbList","@id":"https:\/\/www.mic-hub.com\/it\/milan-piazza-cordusio-work-has-begun\/#breadcrumb","itemListElement":[{"@type":"ListItem","position":1,"name":"Milan Piazza Cordusio: work has begun"}]},{"@type":"Article","@id":"https:\/\/www.mic-hub.com\/milan-piazza-cordusio-work-has-begun\/#article","isPartOf":{"@id":"https:\/\/www.mic-hub.com\/milan-piazza-cordusio-work-has-begun\/#webpage"},"author":{"@id":"https:\/\/www.mic-hub.com\/#\/schema\/person\/23b2e7abf81cdb24babdc07feb6835be"},"headline":"Milano Piazza Cordusio: \u00e8 iniziato il cantiere","datePublished":"2025-05-12T08:29:53+00:00","dateModified":"2025-05-12T13:27:57+00:00","mainEntityOfPage":{"@id":"https:\/\/www.mic-hub.com\/milan-piazza-cordusio-work-has-begun\/#webpage"},"wordCount":14,"commentCount":0,"publisher":{"@id":"https:\/\/www.mic-hub.com\/#organization"},"image":{"@id":"https:\/\/www.mic-hub.com\/milan-piazza-cordusio-work-has-begun\/#primaryimage"},"thumbnailUrl":"https:\/\/www.mic-hub.com\/wp-content\/uploads\/2025\/05\/MIC-HUB_PiazzaCordusio_cantiere02.jpg","keywords":["News"],"inLanguage":"it-IT","potentialAction":[{"@type":"CommentAction","name":"Comment","target":["https:\/\/www.mic-hub.com\/milan-piazza-cordusio-work-has-begun\/#respond"]}]},{"@type":"Person","@id":"https:\/\/www.mic-hub.com\/#\/schema\/person\/23b2e7abf81cdb24babdc07feb6835be","name":"Alessia","image":{"@type":"ImageObject","@id":"https:\/\/www.mic-hub.com\/it\/#personlogo","inLanguage":"it-IT","url":"https:\/\/secure.gravatar.com\/avatar\/f14dc2cba50883354860eb55730bfe8d682b74392348780008bd9913bbf8b74a?s=96&d=mm&r=g","contentUrl":"https:\/\/secure.gravatar.com\/avatar\/f14dc2cba50883354860eb55730bfe8d682b74392348780008bd9913bbf8b74a?s=96&d=mm&r=g","caption":"Alessia"}}]}},"meta_box":{"MICHUB_gallery":[{"MICHUB_image":"4843"},{"MICHUB_image":"4837"},{"MICHUB_image":"4839"},{"MICHUB_image":"4840"}],"MICHUB_content":"<p>Settimana scorsa sono iniziati i lavori per la riqualificazione di piazza Cordusio, nel centro storico di Milano.<\/p>\r\n\r\n&nbsp;\r\n\r\n<p>Il progetto render\u00e0 la piazza uno spazio ancora pi\u00f9 a misura di pedoni, liberandola dal transito veicolare. L'isola pedonale esistente sar\u00e0 infatti ampliata, consentendo in futuro il transito solo ai tram.<\/p>\r\n\r\n&nbsp;\r\n\r\n<p>Il cantiere coinvolge anche il primo tratto di via Dante, dove le fermate dei tram verranno migliorate e integrate con le stazioni delle biciclette e via Orefici, dove i marciapiedi saranno allargati fino all\u2019ingresso di Piazza Duomo.<\/p>\r\n\r\n&nbsp;\r\n\r\n<p>Il progetto, a cura di Freyrie Flores Architettura, MIC-HUB ed Esa Engineering, ha come obiettivo la valorizzazione dell\u2019esperienza pedonale, da attuarsi mediante la ridistribuzione dello spazio e una revisione della viabilit\u00e0 veicolare.<\/p>","MICHUB_claim":"","MICHUB_link_text":"More info","MICHUB_link":"https:\/\/www.comune.milano.it\/-\/rigenerazione-urbana.-piazza-cordusio-al-via-i-lavori-per-la-riqualificazione","MICHUB_attachments_it":[],"MICHUB_attachments_en":[]},"_links":{"self":[{"href":"https:\/\/www.mic-hub.com\/it\/wp-json\/wp\/v2\/posts\/4835","targetHints":{"allow":["GET"]}}],"collection":[{"href":"https:\/\/www.mic-hub.com\/it\/wp-json\/wp\/v2\/posts"}],"about":[{"href":"https:\/\/www.mic-hub.com\/it\/wp-json\/wp\/v2\/types\/post"}],"author":[{"embeddable":true,"href":"https:\/\/www.mic-hub.com\/it\/wp-json\/wp\/v2\/users\/2"}],"replies":[{"embeddable":true,"href":"https:\/\/www.mic-hub.com\/it\/wp-json\/wp\/v2\/comments?post=4835"}],"version-history":[{"count":1,"href":"https:\/\/www.mic-hub.com\/it\/wp-json\/wp\/v2\/posts\/4835\/revisions"}],"predecessor-version":[{"id":4836,"href":"https:\/\/www.mic-hub.com\/it\/wp-json\/wp\/v2\/posts\/4835\/revisions\/4836"}],"wp:featuredmedia":[{"embeddable":true,"href":"https:\/\/www.mic-hub.com\/it\/wp-json\/wp\/v2\/media\/4837"}],"wp:attachment":[{"href":"https:\/\/www.mic-hub.com\/it\/wp-json\/wp\/v2\/media?parent=4835"}],"wp:term":[{"taxonomy":"post_tag","embeddable":true,"href":"https:\/\/www.mic-hub.com\/it\/wp-json\/wp\/v2\/tags?post=4835"}],"curies":[{"name":"wp","href":"https:\/\/api.w.org\/{rel}","templated":true}]}}