

{"id":6066,"date":"2026-09-04T16:30:04","date_gmt":"2026-09-04T15:30:04","guid":{"rendered":"https:\/\/www.mic-hub.com\/?p=6066"},"modified":"2026-09-04T16:30:04","modified_gmt":"2026-09-04T15:30:04","slug":"the-municipality-of-milan-has-adopted-the-implementation-plan-for-the-aria-ex-macello-project","status":"publish","type":"post","link":"https:\/\/www.mic-hub.com\/it\/the-municipality-of-milan-has-adopted-the-implementation-plan-for-the-aria-ex-macello-project\/","title":{"rendered":"Il Comune di Milano adotta il Piano Attuativo per il progetto ARIA Ex-Macello"},"content":{"rendered":"","protected":false},"excerpt":{"rendered":"","protected":false},"author":2,"featured_media":6069,"comment_status":"open","ping_status":"open","sticky":false,"template":"","format":"standard","meta":{"footnotes":""},"tags":[17],"class_list":["post-6066","post","type-post","status-publish","format-standard","has-post-thumbnail","hentry","tag-news"],"yoast_head":"<!-- This site is optimized with the Yoast SEO plugin v18.2 - https:\/\/yoast.com\/wordpress\/plugins\/seo\/ -->\n<meta name=\"robots\" content=\"index, follow, max-snippet:-1, max-image-preview:large, max-video-preview:-1\" \/>\n<link rel=\"canonical\" href=\"https:\/\/www.mic-hub.com\/it\/the-municipality-of-milan-has-adopted-the-implementation-plan-for-the-aria-ex-macello-project\/\" \/>\n<meta property=\"og:locale\" content=\"it_IT\" \/>\n<meta property=\"og:type\" content=\"article\" \/>\n<meta property=\"og:title\" content=\"Il Comune di Milano adotta il Piano Attuativo per il progetto ARIA Ex-Macello\" \/>\n<meta property=\"og:url\" content=\"https:\/\/www.mic-hub.com\/it\/the-municipality-of-milan-has-adopted-the-implementation-plan-for-the-aria-ex-macello-project\/\" \/>\n<meta property=\"og:site_name\" content=\"MIC-HUB\" \/>\n<meta property=\"article:published_time\" content=\"2026-09-04T15:30:04+00:00\" \/>\n<meta property=\"og:image\" content=\"https:\/\/www.mic-hub.com\/wp-content\/uploads\/2026\/09\/ExMacello_PA.jpg\" \/>\n\t<meta property=\"og:image:width\" content=\"1024\" \/>\n\t<meta property=\"og:image:height\" content=\"768\" \/>\n\t<meta property=\"og:image:type\" content=\"image\/jpeg\" \/>\n<meta name=\"twitter:card\" content=\"summary_large_image\" \/>\n<meta name=\"twitter:label1\" content=\"Scritto da\" \/>\n\t<meta name=\"twitter:data1\" content=\"Alessia\" \/>\n<script type=\"application\/ld+json\" class=\"yoast-schema-graph\">{\"@context\":\"https:\/\/schema.org\",\"@graph\":[{\"@type\":\"Organization\",\"@id\":\"https:\/\/www.mic-hub.com\/it\/#organization\",\"name\":\"MIC-HUB\",\"url\":\"https:\/\/www.mic-hub.com\/it\/\",\"sameAs\":[],\"logo\":{\"@type\":\"ImageObject\",\"@id\":\"https:\/\/www.mic-hub.com\/it\/#logo\",\"inLanguage\":\"it-IT\",\"url\":\"https:\/\/www.mic-hub.com\/wp-content\/uploads\/2022\/03\/mic-hub_logo_1200x628.jpg\",\"contentUrl\":\"https:\/\/www.mic-hub.com\/wp-content\/uploads\/2022\/03\/mic-hub_logo_1200x628.jpg\",\"width\":1200,\"height\":628,\"caption\":\"MIC-HUB\"},\"image\":{\"@id\":\"https:\/\/www.mic-hub.com\/it\/#logo\"}},{\"@type\":\"WebSite\",\"@id\":\"https:\/\/www.mic-hub.com\/it\/#website\",\"url\":\"https:\/\/www.mic-hub.com\/it\/\",\"name\":\"MIC-HUB\",\"description\":\"Mobility Planning, Infrastructure Design, City Futures\",\"publisher\":{\"@id\":\"https:\/\/www.mic-hub.com\/it\/#organization\"},\"potentialAction\":[{\"@type\":\"SearchAction\",\"target\":{\"@type\":\"EntryPoint\",\"urlTemplate\":\"https:\/\/www.mic-hub.com\/it\/?s={search_term_string}\"},\"query-input\":\"required name=search_term_string\"}],\"inLanguage\":\"it-IT\"},{\"@type\":\"ImageObject\",\"@id\":\"https:\/\/www.mic-hub.com\/it\/the-municipality-of-milan-has-adopted-the-implementation-plan-for-the-aria-ex-macello-project\/#primaryimage\",\"inLanguage\":\"it-IT\",\"url\":\"https:\/\/www.mic-hub.com\/wp-content\/uploads\/2026\/09\/ExMacello_PA.jpg\",\"contentUrl\":\"https:\/\/www.mic-hub.com\/wp-content\/uploads\/2026\/09\/ExMacello_PA.jpg\",\"width\":1024,\"height\":768},{\"@type\":\"WebPage\",\"@id\":\"https:\/\/www.mic-hub.com\/it\/the-municipality-of-milan-has-adopted-the-implementation-plan-for-the-aria-ex-macello-project\/#webpage\",\"url\":\"https:\/\/www.mic-hub.com\/it\/the-municipality-of-milan-has-adopted-the-implementation-plan-for-the-aria-ex-macello-project\/\",\"name\":\"Il Comune di Milano adotta il Piano Attuativo per il progetto ARIA Ex-Macello\",\"isPartOf\":{\"@id\":\"https:\/\/www.mic-hub.com\/it\/#website\"},\"primaryImageOfPage\":{\"@id\":\"https:\/\/www.mic-hub.com\/it\/the-municipality-of-milan-has-adopted-the-implementation-plan-for-the-aria-ex-macello-project\/#primaryimage\"},\"datePublished\":\"2026-09-04T15:30:04+00:00\",\"dateModified\":\"2026-09-04T15:30:04+00:00\",\"breadcrumb\":{\"@id\":\"https:\/\/www.mic-hub.com\/it\/the-municipality-of-milan-has-adopted-the-implementation-plan-for-the-aria-ex-macello-project\/#breadcrumb\"},\"inLanguage\":\"it-IT\",\"potentialAction\":[{\"@type\":\"ReadAction\",\"target\":[[\"https:\/\/www.mic-hub.com\/it\/the-municipality-of-milan-has-adopted-the-implementation-plan-for-the-aria-ex-macello-project\/\"]]}]},{\"@type\":\"BreadcrumbList\",\"@id\":\"https:\/\/www.mic-hub.com\/it\/the-municipality-of-milan-has-adopted-the-implementation-plan-for-the-aria-ex-macello-project\/#breadcrumb\",\"itemListElement\":[{\"@type\":\"ListItem\",\"position\":1,\"name\":\"The Municipality of Milan has adopted the Implementation Plan for the &#8216;ARIA Ex-Macello&#8217; project\"}]},{\"@type\":\"Article\",\"@id\":\"https:\/\/www.mic-hub.com\/the-municipality-of-milan-has-adopted-the-implementation-plan-for-the-aria-ex-macello-project\/#article\",\"isPartOf\":{\"@id\":\"https:\/\/www.mic-hub.com\/the-municipality-of-milan-has-adopted-the-implementation-plan-for-the-aria-ex-macello-project\/#webpage\"},\"author\":{\"@id\":\"https:\/\/www.mic-hub.com\/#\/schema\/person\/23b2e7abf81cdb24babdc07feb6835be\"},\"headline\":\"Il Comune di Milano adotta il Piano Attuativo per il progetto ARIA Ex-Macello\",\"datePublished\":\"2026-09-04T15:30:04+00:00\",\"dateModified\":\"2026-09-04T15:30:04+00:00\",\"mainEntityOfPage\":{\"@id\":\"https:\/\/www.mic-hub.com\/the-municipality-of-milan-has-adopted-the-implementation-plan-for-the-aria-ex-macello-project\/#webpage\"},\"wordCount\":29,\"commentCount\":0,\"publisher\":{\"@id\":\"https:\/\/www.mic-hub.com\/#organization\"},\"image\":{\"@id\":\"https:\/\/www.mic-hub.com\/the-municipality-of-milan-has-adopted-the-implementation-plan-for-the-aria-ex-macello-project\/#primaryimage\"},\"thumbnailUrl\":\"https:\/\/www.mic-hub.com\/wp-content\/uploads\/2026\/09\/ExMacello_PA.jpg\",\"keywords\":[\"News\"],\"inLanguage\":\"it-IT\",\"potentialAction\":[{\"@type\":\"CommentAction\",\"name\":\"Comment\",\"target\":[\"https:\/\/www.mic-hub.com\/the-municipality-of-milan-has-adopted-the-implementation-plan-for-the-aria-ex-macello-project\/#respond\"]}]},{\"@type\":\"Person\",\"@id\":\"https:\/\/www.mic-hub.com\/#\/schema\/person\/23b2e7abf81cdb24babdc07feb6835be\",\"name\":\"Alessia\",\"image\":{\"@type\":\"ImageObject\",\"@id\":\"https:\/\/www.mic-hub.com\/it\/#personlogo\",\"inLanguage\":\"it-IT\",\"url\":\"https:\/\/secure.gravatar.com\/avatar\/f14dc2cba50883354860eb55730bfe8d682b74392348780008bd9913bbf8b74a?s=96&d=mm&r=g\",\"contentUrl\":\"https:\/\/secure.gravatar.com\/avatar\/f14dc2cba50883354860eb55730bfe8d682b74392348780008bd9913bbf8b74a?s=96&d=mm&r=g\",\"caption\":\"Alessia\"}}]}<\/script>\n<!-- \/ Yoast SEO plugin. -->","yoast_head_json":{"robots":{"index":"index","follow":"follow","max-snippet":"max-snippet:-1","max-image-preview":"max-image-preview:large","max-video-preview":"max-video-preview:-1"},"canonical":"https:\/\/www.mic-hub.com\/it\/the-municipality-of-milan-has-adopted-the-implementation-plan-for-the-aria-ex-macello-project\/","og_locale":"it_IT","og_type":"article","og_title":"Il Comune di Milano adotta il Piano Attuativo per il progetto ARIA Ex-Macello","og_url":"https:\/\/www.mic-hub.com\/it\/the-municipality-of-milan-has-adopted-the-implementation-plan-for-the-aria-ex-macello-project\/","og_site_name":"MIC-HUB","article_published_time":"2026-09-04T15:30:04+00:00","og_image":[{"width":1024,"height":768,"url":"https:\/\/www.mic-hub.com\/wp-content\/uploads\/2026\/09\/ExMacello_PA.jpg","type":"image\/jpeg"}],"twitter_card":"summary_large_image","twitter_misc":{"Scritto da":"Alessia"},"schema":{"@context":"https:\/\/schema.org","@graph":[{"@type":"Organization","@id":"https:\/\/www.mic-hub.com\/it\/#organization","name":"MIC-HUB","url":"https:\/\/www.mic-hub.com\/it\/","sameAs":[],"logo":{"@type":"ImageObject","@id":"https:\/\/www.mic-hub.com\/it\/#logo","inLanguage":"it-IT","url":"https:\/\/www.mic-hub.com\/wp-content\/uploads\/2022\/03\/mic-hub_logo_1200x628.jpg","contentUrl":"https:\/\/www.mic-hub.com\/wp-content\/uploads\/2022\/03\/mic-hub_logo_1200x628.jpg","width":1200,"height":628,"caption":"MIC-HUB"},"image":{"@id":"https:\/\/www.mic-hub.com\/it\/#logo"}},{"@type":"WebSite","@id":"https:\/\/www.mic-hub.com\/it\/#website","url":"https:\/\/www.mic-hub.com\/it\/","name":"MIC-HUB","description":"Mobility Planning, Infrastructure Design, City Futures","publisher":{"@id":"https:\/\/www.mic-hub.com\/it\/#organization"},"potentialAction":[{"@type":"SearchAction","target":{"@type":"EntryPoint","urlTemplate":"https:\/\/www.mic-hub.com\/it\/?s={search_term_string}"},"query-input":"required name=search_term_string"}],"inLanguage":"it-IT"},{"@type":"ImageObject","@id":"https:\/\/www.mic-hub.com\/it\/the-municipality-of-milan-has-adopted-the-implementation-plan-for-the-aria-ex-macello-project\/#primaryimage","inLanguage":"it-IT","url":"https:\/\/www.mic-hub.com\/wp-content\/uploads\/2026\/09\/ExMacello_PA.jpg","contentUrl":"https:\/\/www.mic-hub.com\/wp-content\/uploads\/2026\/09\/ExMacello_PA.jpg","width":1024,"height":768},{"@type":"WebPage","@id":"https:\/\/www.mic-hub.com\/it\/the-municipality-of-milan-has-adopted-the-implementation-plan-for-the-aria-ex-macello-project\/#webpage","url":"https:\/\/www.mic-hub.com\/it\/the-municipality-of-milan-has-adopted-the-implementation-plan-for-the-aria-ex-macello-project\/","name":"Il Comune di Milano adotta il Piano Attuativo per il progetto ARIA Ex-Macello","isPartOf":{"@id":"https:\/\/www.mic-hub.com\/it\/#website"},"primaryImageOfPage":{"@id":"https:\/\/www.mic-hub.com\/it\/the-municipality-of-milan-has-adopted-the-implementation-plan-for-the-aria-ex-macello-project\/#primaryimage"},"datePublished":"2026-09-04T15:30:04+00:00","dateModified":"2026-09-04T15:30:04+00:00","breadcrumb":{"@id":"https:\/\/www.mic-hub.com\/it\/the-municipality-of-milan-has-adopted-the-implementation-plan-for-the-aria-ex-macello-project\/#breadcrumb"},"inLanguage":"it-IT","potentialAction":[{"@type":"ReadAction","target":[["https:\/\/www.mic-hub.com\/it\/the-municipality-of-milan-has-adopted-the-implementation-plan-for-the-aria-ex-macello-project\/"]]}]},{"@type":"BreadcrumbList","@id":"https:\/\/www.mic-hub.com\/it\/the-municipality-of-milan-has-adopted-the-implementation-plan-for-the-aria-ex-macello-project\/#breadcrumb","itemListElement":[{"@type":"ListItem","position":1,"name":"The Municipality of Milan has adopted the Implementation Plan for the &#8216;ARIA Ex-Macello&#8217; project"}]},{"@type":"Article","@id":"https:\/\/www.mic-hub.com\/the-municipality-of-milan-has-adopted-the-implementation-plan-for-the-aria-ex-macello-project\/#article","isPartOf":{"@id":"https:\/\/www.mic-hub.com\/the-municipality-of-milan-has-adopted-the-implementation-plan-for-the-aria-ex-macello-project\/#webpage"},"author":{"@id":"https:\/\/www.mic-hub.com\/#\/schema\/person\/23b2e7abf81cdb24babdc07feb6835be"},"headline":"Il Comune di Milano adotta il Piano Attuativo per il progetto ARIA Ex-Macello","datePublished":"2026-09-04T15:30:04+00:00","dateModified":"2026-09-04T15:30:04+00:00","mainEntityOfPage":{"@id":"https:\/\/www.mic-hub.com\/the-municipality-of-milan-has-adopted-the-implementation-plan-for-the-aria-ex-macello-project\/#webpage"},"wordCount":29,"commentCount":0,"publisher":{"@id":"https:\/\/www.mic-hub.com\/#organization"},"image":{"@id":"https:\/\/www.mic-hub.com\/the-municipality-of-milan-has-adopted-the-implementation-plan-for-the-aria-ex-macello-project\/#primaryimage"},"thumbnailUrl":"https:\/\/www.mic-hub.com\/wp-content\/uploads\/2026\/09\/ExMacello_PA.jpg","keywords":["News"],"inLanguage":"it-IT","potentialAction":[{"@type":"CommentAction","name":"Comment","target":["https:\/\/www.mic-hub.com\/the-municipality-of-milan-has-adopted-the-implementation-plan-for-the-aria-ex-macello-project\/#respond"]}]},{"@type":"Person","@id":"https:\/\/www.mic-hub.com\/#\/schema\/person\/23b2e7abf81cdb24babdc07feb6835be","name":"Alessia","image":{"@type":"ImageObject","@id":"https:\/\/www.mic-hub.com\/it\/#personlogo","inLanguage":"it-IT","url":"https:\/\/secure.gravatar.com\/avatar\/f14dc2cba50883354860eb55730bfe8d682b74392348780008bd9913bbf8b74a?s=96&d=mm&r=g","contentUrl":"https:\/\/secure.gravatar.com\/avatar\/f14dc2cba50883354860eb55730bfe8d682b74392348780008bd9913bbf8b74a?s=96&d=mm&r=g","caption":"Alessia"}}]}},"meta_box":{"MICHUB_gallery":[{"MICHUB_image":"6069","MICHUB_caption":"\u00a9 WOLF Visualization Agency"}],"MICHUB_content":"<p>La trasformazione dell\u2019area ARIA Ex-Macello entra in una nuova fase: con l\u2019adozione del Piano Attuativo da parte del Comune di Milano, prende forma il percorso verso la realizzazione di un nuovo quartiere destinato a restituire alla citt\u00e0 uno dei suoi luoghi pi\u00f9 emblematici.<\/p> \r\n\r\n&nbsp;\r\n\r\n<p>L\u2019area di circa 150.000 mq dismessa e inutilizzata, esempio di archeologia industriale, \u00e8 rimasta per anni ai margini della vita urbana. Il progetto ARIA Ex-Macello rappresenta una straordinaria opportunit\u00e0 di trasformazione e rigenerazione: un progetto capace di intrecciare memoria storica, qualit\u00e0 dello spazio pubblico e nuovi modi di vivere la citt\u00e0.<\/p> \r\n\r\n&nbsp;\r\n\r\n<p>Nato nell\u2019ambito del concorso internazionale C40 Reinventing Cities del 2019, il progetto promosso da Near SGR \u00e8 stato sviluppato dagli studi di architettura Sn\u00f8hetta, Barreca &amp; La Varra e Stantec, in collaborazione con la Fondazione Housing Sociale e insieme a un gruppo di partner internazionali tra cui MPartner, MIC-HUB, AG&amp;P e J+S.<\/p> \r\n\r\n&nbsp;\r\n\r\n<p>Una visione condivisa che accompagner\u00e0 la rinascita di un luogo iconico di Milano, restituendolo alla citt\u00e0 come nuovo quartiere aperto, sostenibile e connesso.<\/p> \r\n\r\n&nbsp;\r\n\r\n<p>Per MIC-HUB partecipare a questo percorso rappresenta un\u2019opportunit\u00e0 straordinaria: contribuire alla trasformazione di un pezzo della nostra citt\u00e0 significa mettere competenze e visione progettuale al servizio di un cambiamento che non riguarda solo gli spazi fisici, ma anche il modo in cui le persone potranno vivere, attraversare e utilizzare questi luoghi.<\/p> \r\n\r\n&nbsp;\r\n\r\n<p>All\u2019interno del team di progetto, MIC-HUB ha sviluppato lo studio di accessibilit\u00e0, le strategie di mobilit\u00e0, l\u2019analisi dell\u2019impatto sul traffico e il coordinamento e la progettazione delle opere di urbanizzazione primaria.<\/p> \r\n\r\n&nbsp;\r\n\r\n<p>ARIA Ex-Macello interpreta una nuova idea di citt\u00e0, dove infrastrutture, mobilit\u00e0, paesaggio e spazio pubblico sono parti di un unico disegno: un quartiere in cui le connessioni diventano opportunit\u00e0, gli spazi aperti luoghi di incontro e la mobilit\u00e0 un elemento fondamentale per costruire una citt\u00e0 pi\u00f9 accessibile, sostenibile e inclusiva.<\/p> \r\n\r\n&nbsp;\r\n\r\n<p>Essere parte di questa trasformazione significa contribuire alla costruzione del futuro di Milano, accompagnando la rinascita di un luogo storico verso una nuova stagione fatta di apertura, relazioni e qualit\u00e0 urbana.<\/p>","MICHUB_claim":"","MICHUB_link_text":"Il comunicato del Comune di Milano","MICHUB_link":"https:\/\/www.comune.milano.it\/w\/rigenerazione-urbana.-adottato-dalla-giunta-il-piano-attuativo-che-disegna-il-futuro-dell-ex-macello","MICHUB_attachments_it":[],"MICHUB_attachments_en":[]},"_links":{"self":[{"href":"https:\/\/www.mic-hub.com\/it\/wp-json\/wp\/v2\/posts\/6066","targetHints":{"allow":["GET"]}}],"collection":[{"href":"https:\/\/www.mic-hub.com\/it\/wp-json\/wp\/v2\/posts"}],"about":[{"href":"https:\/\/www.mic-hub.com\/it\/wp-json\/wp\/v2\/types\/post"}],"author":[{"embeddable":true,"href":"https:\/\/www.mic-hub.com\/it\/wp-json\/wp\/v2\/users\/2"}],"replies":[{"embeddable":true,"href":"https:\/\/www.mic-hub.com\/it\/wp-json\/wp\/v2\/comments?post=6066"}],"version-history":[{"count":3,"href":"https:\/\/www.mic-hub.com\/it\/wp-json\/wp\/v2\/posts\/6066\/revisions"}],"predecessor-version":[{"id":6070,"href":"https:\/\/www.mic-hub.com\/it\/wp-json\/wp\/v2\/posts\/6066\/revisions\/6070"}],"wp:featuredmedia":[{"embeddable":true,"href":"https:\/\/www.mic-hub.com\/it\/wp-json\/wp\/v2\/media\/6069"}],"wp:attachment":[{"href":"https:\/\/www.mic-hub.com\/it\/wp-json\/wp\/v2\/media?parent=6066"}],"wp:term":[{"taxonomy":"post_tag","embeddable":true,"href":"https:\/\/www.mic-hub.com\/it\/wp-json\/wp\/v2\/tags?post=6066"}],"curies":[{"name":"wp","href":"https:\/\/api.w.org\/{rel}","templated":true}]}}